{"id":3302,"date":"2016-10-19T10:09:57","date_gmt":"2016-10-19T09:09:57","guid":{"rendered":"https:\/\/alteuaire.es\/es\/?p=3302"},"modified":"2016-10-21T10:15:42","modified_gmt":"2016-10-21T09:15:42","slug":"festa-dels-supers-2016","status":"publish","type":"post","link":"https:\/\/alteuaire.es\/es\/blog-es\/festa-dels-supers-2016\/","title":{"rendered":"Al teu Aire participa en la Festa dels S\u00fapers 2016"},"content":{"rendered":"<h2>Festa dels s\u00fapers 2016<\/h2>\n<p>Como cada a\u00f1o llega la fecha donde todos los S\u00fapers se re\u00fanen para disfrutar de un d\u00eda lleno de actividades y para ver de cerca sus personajes preferidos del Club Super 3.<br \/>\nEn la edici\u00f3n de este a\u00f1o, participamos con un Stand donde hemos preparado muchas actividades para que los m\u00e1s peque\u00f1os puedan divertirse i puedan crear un peque\u00f1o recuerdo de esta gran fiesta.<\/p>\n<p>-Creaci\u00f3n de un divertido Robot personalizado: Lo pintar\u00e1n, le pondr\u00e1n antenas i ojos.<\/p>\n<p>-Creaci\u00f3n de Chapas: Dibujar\u00e1n, pintar\u00e1n i fabricar\u00e1n una autentica Chapa que podr\u00e1n llevarse puesta.<\/p>\n<p>-Creaci\u00f3n de un punto de libro: Crear\u00e1n un original punto de libro personalizado.<\/p>\n<h4>Sorteo del alquiler de una sala para una Fiesta de Cumplea\u00f1os Infantil<\/h4>\n<p>Todos los n\u00f1os y ni\u00f1as que visiten nuestro Stand, podr\u00e1n participar en el sorteo de una sala para una Fiesta de Cumplea\u00f1os Infantil*.<br \/>\nPara participar solo tendr\u00e1s que hacer\u00a0una fotografia en nuestro Stand y subirla a Instagram con el Hastag #Alteuaire y hacerte seguidor de @_Alteuaire_.<\/p>\n<h4>Condiciones del sorteo en Instagram:<\/h4>\n<p>*Para participar en el sorteo se tienen que cumplir las siguientes condiciones:<br \/>\nHacer\u00a0una fotografia en nuestro Stand y subirla a Instagram con el Hastag #Alteuaire y hacerte seguidor de @_Alteuaire_.<br \/>\nTodas las im\u00e1genes se tienen que tomar en nuestro Stand.<br \/>\nEl premio consiste en el alquiler de una sala para una Fiesta de Cumplea\u00f1os Infantil de lunes a domingo en horario de ma\u00f1ana o tarde, siempre sujeto a disponibilidad, en cualquiera de nuestras 41 salas de Al teu aire.<\/p>\n<p>&nbsp;<\/p>\n","protected":false},"excerpt":{"rendered":"<p>Festa dels s\u00fapers 2016 Como cada a\u00f1o llega la fecha donde todos los S\u00fapers se re\u00fanen para disfrutar de un d\u00eda lleno de actividades y para ver de cerca sus personajes preferidos del Club Super 3. En la edici\u00f3n de este a\u00f1o, participamos con un Stand donde hemos preparado muchas actividades para que los m\u00e1s [&hellip;]<\/p>\n","protected":false},"author":1,"featured_media":3289,"comment_status":"open","ping_status":"open","sticky":false,"template":"","format":"standard","meta":{"_acf_changed":false,"footnotes":""},"categories":[52],"tags":[32,57,58,55],"class_list":["post-3302","post","type-post","status-publish","format-standard","has-post-thumbnail","hentry","category-blog-es","tag-alteuaire-es","tag-instagram","tag-sorteo","tag-super3"],"acf":[],"yoast_head":"<!-- This site is optimized with the Yoast SEO plugin v26.8 - https:\/\/yoast.com\/product\/yoast-seo-wordpress\/ -->\n<title>Al teu Aire participa en la Festa dels S\u00fapers 2016 - Al teu aire - Espai L\u00fadic i Privat<\/title>\n<meta name=\"robots\" content=\"index, follow, max-snippet:-1, max-image-preview:large, max-video-preview:-1\" \/>\n<link rel=\"canonical\" href=\"https:\/\/alteuaire.es\/es\/blog-es\/festa-dels-supers-2016\/\" \/>\n<meta property=\"og:locale\" content=\"es_ES\" \/>\n<meta property=\"og:type\" content=\"article\" \/>\n<meta property=\"og:title\" content=\"Al teu Aire participa en la Festa dels S\u00fapers 2016 - Al teu aire - Espai L\u00fadic i Privat\" \/>\n<meta property=\"og:description\" content=\"Festa dels s\u00fapers 2016 Como cada a\u00f1o llega la fecha donde todos los S\u00fapers se re\u00fanen para disfrutar de un d\u00eda lleno de actividades y para ver de cerca sus personajes preferidos del Club Super 3. En la edici\u00f3n de este a\u00f1o, participamos con un Stand donde hemos preparado muchas actividades para que los m\u00e1s [&hellip;]\" \/>\n<meta property=\"og:url\" content=\"https:\/\/alteuaire.es\/es\/blog-es\/festa-dels-supers-2016\/\" \/>\n<meta property=\"og:site_name\" content=\"Al teu aire - Espai L\u00fadic i Privat\" \/>\n<meta property=\"article:publisher\" content=\"https:\/\/www.facebook.com\/alteuaire.franquicies\/\" \/>\n<meta property=\"article:published_time\" content=\"2016-10-19T09:09:57+00:00\" \/>\n<meta property=\"article:modified_time\" content=\"2016-10-21T09:15:42+00:00\" \/>\n<meta property=\"og:image\" content=\"https:\/\/alteuaire.es\/wp-content\/uploads\/2016\/10\/Supers15-8321.jpg\" \/>\n\t<meta property=\"og:image:width\" content=\"1024\" \/>\n\t<meta property=\"og:image:height\" content=\"629\" \/>\n\t<meta property=\"og:image:type\" content=\"image\/jpeg\" \/>\n<meta name=\"author\" content=\"Alteuaire\" \/>\n<meta name=\"twitter:card\" content=\"summary_large_image\" \/>\n<meta name=\"twitter:creator\" content=\"@_alteuaire_\" \/>\n<meta name=\"twitter:site\" content=\"@_alteuaire_\" \/>\n<meta name=\"twitter:label1\" content=\"Escrito por\" \/>\n\t<meta name=\"twitter:data1\" content=\"Alteuaire\" \/>\n\t<meta name=\"twitter:label2\" content=\"Tiempo de lectura\" \/>\n\t<meta name=\"twitter:data2\" content=\"1 minuto\" \/>\n<script type=\"application\/ld+json\" class=\"yoast-schema-graph\">{\"@context\":\"https:\/\/schema.org\",\"@graph\":[{\"@type\":\"Article\",\"@id\":\"https:\/\/alteuaire.es\/es\/blog-es\/festa-dels-supers-2016\/#article\",\"isPartOf\":{\"@id\":\"https:\/\/alteuaire.es\/es\/blog-es\/festa-dels-supers-2016\/\"},\"author\":{\"name\":\"Alteuaire\",\"@id\":\"https:\/\/alteuaire.es\/es\/#\/schema\/person\/2245ce18b7c3324f6d175537ee7a8954\"},\"headline\":\"Al teu Aire participa en la Festa dels S\u00fapers 2016\",\"datePublished\":\"2016-10-19T09:09:57+00:00\",\"dateModified\":\"2016-10-21T09:15:42+00:00\",\"mainEntityOfPage\":{\"@id\":\"https:\/\/alteuaire.es\/es\/blog-es\/festa-dels-supers-2016\/\"},\"wordCount\":289,\"commentCount\":0,\"publisher\":{\"@id\":\"https:\/\/alteuaire.es\/es\/#organization\"},\"image\":{\"@id\":\"https:\/\/alteuaire.es\/es\/blog-es\/festa-dels-supers-2016\/#primaryimage\"},\"thumbnailUrl\":\"https:\/\/alteuaire.es\/wp-content\/uploads\/2016\/10\/Supers15-8321.jpg\",\"keywords\":[\"alteuaire\",\"instagram\",\"sorteo\",\"super3\"],\"articleSection\":[\"blog\"],\"inLanguage\":\"es\",\"potentialAction\":[{\"@type\":\"CommentAction\",\"name\":\"Comment\",\"target\":[\"https:\/\/alteuaire.es\/es\/blog-es\/festa-dels-supers-2016\/#respond\"]}]},{\"@type\":\"WebPage\",\"@id\":\"https:\/\/alteuaire.es\/es\/blog-es\/festa-dels-supers-2016\/\",\"url\":\"https:\/\/alteuaire.es\/es\/blog-es\/festa-dels-supers-2016\/\",\"name\":\"Al teu Aire participa en la Festa dels S\u00fapers 2016 - Al teu aire - Espai L\u00fadic i Privat\",\"isPartOf\":{\"@id\":\"https:\/\/alteuaire.es\/es\/#website\"},\"primaryImageOfPage\":{\"@id\":\"https:\/\/alteuaire.es\/es\/blog-es\/festa-dels-supers-2016\/#primaryimage\"},\"image\":{\"@id\":\"https:\/\/alteuaire.es\/es\/blog-es\/festa-dels-supers-2016\/#primaryimage\"},\"thumbnailUrl\":\"https:\/\/alteuaire.es\/wp-content\/uploads\/2016\/10\/Supers15-8321.jpg\",\"datePublished\":\"2016-10-19T09:09:57+00:00\",\"dateModified\":\"2016-10-21T09:15:42+00:00\",\"breadcrumb\":{\"@id\":\"https:\/\/alteuaire.es\/es\/blog-es\/festa-dels-supers-2016\/#breadcrumb\"},\"inLanguage\":\"es\",\"potentialAction\":[{\"@type\":\"ReadAction\",\"target\":[\"https:\/\/alteuaire.es\/es\/blog-es\/festa-dels-supers-2016\/\"]}]},{\"@type\":\"ImageObject\",\"inLanguage\":\"es\",\"@id\":\"https:\/\/alteuaire.es\/es\/blog-es\/festa-dels-supers-2016\/#primaryimage\",\"url\":\"https:\/\/alteuaire.es\/wp-content\/uploads\/2016\/10\/Supers15-8321.jpg\",\"contentUrl\":\"https:\/\/alteuaire.es\/wp-content\/uploads\/2016\/10\/Supers15-8321.jpg\",\"width\":1024,\"height\":629,\"caption\":\"Festa dels S\u00fapers\"},{\"@type\":\"BreadcrumbList\",\"@id\":\"https:\/\/alteuaire.es\/es\/blog-es\/festa-dels-supers-2016\/#breadcrumb\",\"itemListElement\":[{\"@type\":\"ListItem\",\"position\":1,\"name\":\"Inici\",\"item\":\"https:\/\/alteuaire.es\/es\/\"},{\"@type\":\"ListItem\",\"position\":2,\"name\":\"Al teu Aire participa en la Festa dels S\u00fapers 2016\"}]},{\"@type\":\"WebSite\",\"@id\":\"https:\/\/alteuaire.es\/es\/#website\",\"url\":\"https:\/\/alteuaire.es\/es\/\",\"name\":\"Al teu aire - Espai L\u00fadic i Privat\",\"description\":\"Alteuaire - Sales de festes privades de lloguer per aniversaris infantils y altres celebracions.\",\"publisher\":{\"@id\":\"https:\/\/alteuaire.es\/es\/#organization\"},\"potentialAction\":[{\"@type\":\"SearchAction\",\"target\":{\"@type\":\"EntryPoint\",\"urlTemplate\":\"https:\/\/alteuaire.es\/es\/?s={search_term_string}\"},\"query-input\":{\"@type\":\"PropertyValueSpecification\",\"valueRequired\":true,\"valueName\":\"search_term_string\"}}],\"inLanguage\":\"es\"},{\"@type\":\"Organization\",\"@id\":\"https:\/\/alteuaire.es\/es\/#organization\",\"name\":\"Alteuaire franquicies - Espai l\u00fadic i privat\",\"url\":\"https:\/\/alteuaire.es\/es\/\",\"logo\":{\"@type\":\"ImageObject\",\"inLanguage\":\"es\",\"@id\":\"https:\/\/alteuaire.es\/es\/#\/schema\/logo\/image\/\",\"url\":\"https:\/\/alteuaire.es\/wp-content\/uploads\/2016\/04\/alteauire.jpg\",\"contentUrl\":\"https:\/\/alteuaire.es\/wp-content\/uploads\/2016\/04\/alteauire.jpg\",\"width\":4606,\"height\":1920,\"caption\":\"Alteuaire franquicies - Espai l\u00fadic i privat\"},\"image\":{\"@id\":\"https:\/\/alteuaire.es\/es\/#\/schema\/logo\/image\/\"},\"sameAs\":[\"https:\/\/www.facebook.com\/alteuaire.franquicies\/\",\"https:\/\/x.com\/_alteuaire_\",\"https:\/\/www.instagram.com\/_alteuaire_\/\",\"https:\/\/es.pinterest.com\/alteuaire\/\"]},{\"@type\":\"Person\",\"@id\":\"https:\/\/alteuaire.es\/es\/#\/schema\/person\/2245ce18b7c3324f6d175537ee7a8954\",\"name\":\"Alteuaire\",\"image\":{\"@type\":\"ImageObject\",\"inLanguage\":\"es\",\"@id\":\"https:\/\/alteuaire.es\/es\/#\/schema\/person\/image\/\",\"url\":\"https:\/\/secure.gravatar.com\/avatar\/6d2c390651d511476d9a351e804cab32ee692bad09cf4b64ca83f4ce3f99d33f?s=96&d=mm&r=g\",\"contentUrl\":\"https:\/\/secure.gravatar.com\/avatar\/6d2c390651d511476d9a351e804cab32ee692bad09cf4b64ca83f4ce3f99d33f?s=96&d=mm&r=g\",\"caption\":\"Alteuaire\"},\"url\":\"https:\/\/alteuaire.es\/es\/author\/jon420\/\"}]}<\/script>\n<!-- \/ Yoast SEO plugin. -->","yoast_head_json":{"title":"Al teu Aire participa en la Festa dels S\u00fapers 2016 - Al teu aire - Espai L\u00fadic i Privat","robots":{"index":"index","follow":"follow","max-snippet":"max-snippet:-1","max-image-preview":"max-image-preview:large","max-video-preview":"max-video-preview:-1"},"canonical":"https:\/\/alteuaire.es\/es\/blog-es\/festa-dels-supers-2016\/","og_locale":"es_ES","og_type":"article","og_title":"Al teu Aire participa en la Festa dels S\u00fapers 2016 - Al teu aire - Espai L\u00fadic i Privat","og_description":"Festa dels s\u00fapers 2016 Como cada a\u00f1o llega la fecha donde todos los S\u00fapers se re\u00fanen para disfrutar de un d\u00eda lleno de actividades y para ver de cerca sus personajes preferidos del Club Super 3. En la edici\u00f3n de este a\u00f1o, participamos con un Stand donde hemos preparado muchas actividades para que los m\u00e1s [&hellip;]","og_url":"https:\/\/alteuaire.es\/es\/blog-es\/festa-dels-supers-2016\/","og_site_name":"Al teu aire - Espai L\u00fadic i Privat","article_publisher":"https:\/\/www.facebook.com\/alteuaire.franquicies\/","article_published_time":"2016-10-19T09:09:57+00:00","article_modified_time":"2016-10-21T09:15:42+00:00","og_image":[{"width":1024,"height":629,"url":"https:\/\/alteuaire.es\/wp-content\/uploads\/2016\/10\/Supers15-8321.jpg","type":"image\/jpeg"}],"author":"Alteuaire","twitter_card":"summary_large_image","twitter_creator":"@_alteuaire_","twitter_site":"@_alteuaire_","twitter_misc":{"Escrito por":"Alteuaire","Tiempo de lectura":"1 minuto"},"schema":{"@context":"https:\/\/schema.org","@graph":[{"@type":"Article","@id":"https:\/\/alteuaire.es\/es\/blog-es\/festa-dels-supers-2016\/#article","isPartOf":{"@id":"https:\/\/alteuaire.es\/es\/blog-es\/festa-dels-supers-2016\/"},"author":{"name":"Alteuaire","@id":"https:\/\/alteuaire.es\/es\/#\/schema\/person\/2245ce18b7c3324f6d175537ee7a8954"},"headline":"Al teu Aire participa en la Festa dels S\u00fapers 2016","datePublished":"2016-10-19T09:09:57+00:00","dateModified":"2016-10-21T09:15:42+00:00","mainEntityOfPage":{"@id":"https:\/\/alteuaire.es\/es\/blog-es\/festa-dels-supers-2016\/"},"wordCount":289,"commentCount":0,"publisher":{"@id":"https:\/\/alteuaire.es\/es\/#organization"},"image":{"@id":"https:\/\/alteuaire.es\/es\/blog-es\/festa-dels-supers-2016\/#primaryimage"},"thumbnailUrl":"https:\/\/alteuaire.es\/wp-content\/uploads\/2016\/10\/Supers15-8321.jpg","keywords":["alteuaire","instagram","sorteo","super3"],"articleSection":["blog"],"inLanguage":"es","potentialAction":[{"@type":"CommentAction","name":"Comment","target":["https:\/\/alteuaire.es\/es\/blog-es\/festa-dels-supers-2016\/#respond"]}]},{"@type":"WebPage","@id":"https:\/\/alteuaire.es\/es\/blog-es\/festa-dels-supers-2016\/","url":"https:\/\/alteuaire.es\/es\/blog-es\/festa-dels-supers-2016\/","name":"Al teu Aire participa en la Festa dels S\u00fapers 2016 - Al teu aire - Espai L\u00fadic i Privat","isPartOf":{"@id":"https:\/\/alteuaire.es\/es\/#website"},"primaryImageOfPage":{"@id":"https:\/\/alteuaire.es\/es\/blog-es\/festa-dels-supers-2016\/#primaryimage"},"image":{"@id":"https:\/\/alteuaire.es\/es\/blog-es\/festa-dels-supers-2016\/#primaryimage"},"thumbnailUrl":"https:\/\/alteuaire.es\/wp-content\/uploads\/2016\/10\/Supers15-8321.jpg","datePublished":"2016-10-19T09:09:57+00:00","dateModified":"2016-10-21T09:15:42+00:00","breadcrumb":{"@id":"https:\/\/alteuaire.es\/es\/blog-es\/festa-dels-supers-2016\/#breadcrumb"},"inLanguage":"es","potentialAction":[{"@type":"ReadAction","target":["https:\/\/alteuaire.es\/es\/blog-es\/festa-dels-supers-2016\/"]}]},{"@type":"ImageObject","inLanguage":"es","@id":"https:\/\/alteuaire.es\/es\/blog-es\/festa-dels-supers-2016\/#primaryimage","url":"https:\/\/alteuaire.es\/wp-content\/uploads\/2016\/10\/Supers15-8321.jpg","contentUrl":"https:\/\/alteuaire.es\/wp-content\/uploads\/2016\/10\/Supers15-8321.jpg","width":1024,"height":629,"caption":"Festa dels S\u00fapers"},{"@type":"BreadcrumbList","@id":"https:\/\/alteuaire.es\/es\/blog-es\/festa-dels-supers-2016\/#breadcrumb","itemListElement":[{"@type":"ListItem","position":1,"name":"Inici","item":"https:\/\/alteuaire.es\/es\/"},{"@type":"ListItem","position":2,"name":"Al teu Aire participa en la Festa dels S\u00fapers 2016"}]},{"@type":"WebSite","@id":"https:\/\/alteuaire.es\/es\/#website","url":"https:\/\/alteuaire.es\/es\/","name":"Al teu aire - Espai L\u00fadic i Privat","description":"Alteuaire - Sales de festes privades de lloguer per aniversaris infantils y altres celebracions.","publisher":{"@id":"https:\/\/alteuaire.es\/es\/#organization"},"potentialAction":[{"@type":"SearchAction","target":{"@type":"EntryPoint","urlTemplate":"https:\/\/alteuaire.es\/es\/?s={search_term_string}"},"query-input":{"@type":"PropertyValueSpecification","valueRequired":true,"valueName":"search_term_string"}}],"inLanguage":"es"},{"@type":"Organization","@id":"https:\/\/alteuaire.es\/es\/#organization","name":"Alteuaire franquicies - Espai l\u00fadic i privat","url":"https:\/\/alteuaire.es\/es\/","logo":{"@type":"ImageObject","inLanguage":"es","@id":"https:\/\/alteuaire.es\/es\/#\/schema\/logo\/image\/","url":"https:\/\/alteuaire.es\/wp-content\/uploads\/2016\/04\/alteauire.jpg","contentUrl":"https:\/\/alteuaire.es\/wp-content\/uploads\/2016\/04\/alteauire.jpg","width":4606,"height":1920,"caption":"Alteuaire franquicies - Espai l\u00fadic i privat"},"image":{"@id":"https:\/\/alteuaire.es\/es\/#\/schema\/logo\/image\/"},"sameAs":["https:\/\/www.facebook.com\/alteuaire.franquicies\/","https:\/\/x.com\/_alteuaire_","https:\/\/www.instagram.com\/_alteuaire_\/","https:\/\/es.pinterest.com\/alteuaire\/"]},{"@type":"Person","@id":"https:\/\/alteuaire.es\/es\/#\/schema\/person\/2245ce18b7c3324f6d175537ee7a8954","name":"Alteuaire","image":{"@type":"ImageObject","inLanguage":"es","@id":"https:\/\/alteuaire.es\/es\/#\/schema\/person\/image\/","url":"https:\/\/secure.gravatar.com\/avatar\/6d2c390651d511476d9a351e804cab32ee692bad09cf4b64ca83f4ce3f99d33f?s=96&d=mm&r=g","contentUrl":"https:\/\/secure.gravatar.com\/avatar\/6d2c390651d511476d9a351e804cab32ee692bad09cf4b64ca83f4ce3f99d33f?s=96&d=mm&r=g","caption":"Alteuaire"},"url":"https:\/\/alteuaire.es\/es\/author\/jon420\/"}]}},"publishpress_future_action":{"enabled":false,"date":"2026-05-07 00:44:19","action":"change-status","newStatus":"draft","terms":[],"taxonomy":"category","extraData":[]},"publishpress_future_workflow_manual_trigger":{"enabledWorkflows":[]},"_links":{"self":[{"href":"https:\/\/alteuaire.es\/es\/wp-json\/wp\/v2\/posts\/3302","targetHints":{"allow":["GET"]}}],"collection":[{"href":"https:\/\/alteuaire.es\/es\/wp-json\/wp\/v2\/posts"}],"about":[{"href":"https:\/\/alteuaire.es\/es\/wp-json\/wp\/v2\/types\/post"}],"author":[{"embeddable":true,"href":"https:\/\/alteuaire.es\/es\/wp-json\/wp\/v2\/users\/1"}],"replies":[{"embeddable":true,"href":"https:\/\/alteuaire.es\/es\/wp-json\/wp\/v2\/comments?post=3302"}],"version-history":[{"count":0,"href":"https:\/\/alteuaire.es\/es\/wp-json\/wp\/v2\/posts\/3302\/revisions"}],"wp:featuredmedia":[{"embeddable":true,"href":"https:\/\/alteuaire.es\/es\/wp-json\/wp\/v2\/media\/3289"}],"wp:attachment":[{"href":"https:\/\/alteuaire.es\/es\/wp-json\/wp\/v2\/media?parent=3302"}],"wp:term":[{"taxonomy":"category","embeddable":true,"href":"https:\/\/alteuaire.es\/es\/wp-json\/wp\/v2\/categories?post=3302"},{"taxonomy":"post_tag","embeddable":true,"href":"https:\/\/alteuaire.es\/es\/wp-json\/wp\/v2\/tags?post=3302"}],"curies":[{"name":"wp","href":"https:\/\/api.w.org\/{rel}","templated":true}]}}