{"id":3339,"date":"2016-10-27T10:55:05","date_gmt":"2016-10-27T09:55:05","guid":{"rendered":"https:\/\/alteuaire.es\/es\/?p=3339"},"modified":"2016-11-28T11:15:20","modified_gmt":"2016-11-28T10:15:20","slug":"promocion-teatro","status":"publish","type":"post","link":"https:\/\/alteuaire.es\/es\/promociones\/promocion-teatro\/","title":{"rendered":"Promoci\u00f3n Teatro"},"content":{"rendered":"<h2>Precio especial para clientes de Al teu aire<br \/>\nHasta el 3 de Enero<\/h2>\n<p><strong>Opera for kids<\/strong>, es un espect\u00e1culo l\u00fadico y did\u00e1ctico creado con la intenci\u00f3n de dar a conocer a los ni\u00f1os de seis a\u00f1os en adelante los conceptos cruciales sobre el mundo de la \u00f3pera.<br \/>\nDe la mano del esp\u00edritu de la \u00d3pera entre risas, explicaciones sencillas e inesperados efectos visuales, iremos desgranando y comprendiendo los ingredientes que conforman este arte. Todo ello aderezado, con peque\u00f1as piezas de las partes m\u00e1s emblem\u00e1ticas y ilustrativas entre el cat\u00e1logo de las \u00f3peras m\u00e1s famosas interpretadas por cuatro cantantes j\u00f3venes y vers\u00e1tiles.<br \/>\nLa \u00d3pera como la propuesta art\u00edstica que une m\u00fasica, teatro y danza, pero utilizando como instrumento principal la fuerza de la voz humana sin amplificar, un instrumento con capacidades incre\u00edbles capaz de transmitir todas las emociones humanas.<br \/>\nSe tratar\u00e1n todos los elementos principales de la \u00f3pera desde el punto de vista de la<strong> diversi\u00f3n<\/strong>, el<strong> desanfado<\/strong>, el<strong> humor<\/strong> y la <strong>sorpresa<\/strong>. El espect\u00e1culo nace con el objetivo de que los ni\u00f1os y ni\u00f1as disfruten de un acercamiento l\u00fadico y entretenido al mundo de la \u00f3pera seguramente un arte desconocido o muy lejano para ellos.<br \/>\nPorque la intenci\u00f3n de la propuesta no es conocer el argumento de una \u00f3pera c\u00e9lebre sino que nuestros espectadores puedan atrapar el esp\u00edritu de la \u00f3pera y pasarlo bien &#8230; todo un reto.<\/p>\n","protected":false},"excerpt":{"rendered":"<p>Precio especial para clientes de Al teu aire Hasta el 3 de Enero Opera for kids, es un espect\u00e1culo l\u00fadico y did\u00e1ctico creado con la intenci\u00f3n de dar a conocer a los ni\u00f1os de seis a\u00f1os en adelante los conceptos cruciales sobre el mundo de la \u00f3pera. De la mano del esp\u00edritu de la \u00d3pera [&hellip;]<\/p>\n","protected":false},"author":1,"featured_media":3335,"comment_status":"open","ping_status":"open","sticky":false,"template":"","format":"standard","meta":{"_acf_changed":false,"footnotes":""},"categories":[39,31],"tags":[32,61,60,59],"class_list":["post-3339","post","type-post","status-publish","format-standard","has-post-thumbnail","hentry","category-promociones","category-promociones-es","tag-alteuaire-es","tag-opera-for-kids","tag-promociones","tag-teatro"],"acf":[],"yoast_head":"<!-- This site is optimized with the Yoast SEO plugin v26.8 - https:\/\/yoast.com\/product\/yoast-seo-wordpress\/ -->\n<title>Promoci\u00f3n Teatro - Al teu aire - Espai L\u00fadic i Privat<\/title>\n<meta name=\"robots\" content=\"index, follow, max-snippet:-1, max-image-preview:large, max-video-preview:-1\" \/>\n<link rel=\"canonical\" href=\"https:\/\/alteuaire.es\/es\/promociones\/promocion-teatro\/\" \/>\n<meta property=\"og:locale\" content=\"es_ES\" \/>\n<meta property=\"og:type\" content=\"article\" \/>\n<meta property=\"og:title\" content=\"Promoci\u00f3n Teatro - Al teu aire - Espai L\u00fadic i Privat\" \/>\n<meta property=\"og:description\" content=\"Precio especial para clientes de Al teu aire Hasta el 3 de Enero Opera for kids, es un espect\u00e1culo l\u00fadico y did\u00e1ctico creado con la intenci\u00f3n de dar a conocer a los ni\u00f1os de seis a\u00f1os en adelante los conceptos cruciales sobre el mundo de la \u00f3pera. De la mano del esp\u00edritu de la \u00d3pera [&hellip;]\" \/>\n<meta property=\"og:url\" content=\"https:\/\/alteuaire.es\/es\/promociones\/promocion-teatro\/\" \/>\n<meta property=\"og:site_name\" content=\"Al teu aire - Espai L\u00fadic i Privat\" \/>\n<meta property=\"article:publisher\" content=\"https:\/\/www.facebook.com\/alteuaire.franquicies\/\" \/>\n<meta property=\"article:published_time\" content=\"2016-10-27T09:55:05+00:00\" \/>\n<meta property=\"article:modified_time\" content=\"2016-11-28T10:15:20+00:00\" \/>\n<meta property=\"og:image\" content=\"https:\/\/alteuaire.es\/wp-content\/uploads\/2016\/10\/banner-web.jpg\" \/>\n\t<meta property=\"og:image:width\" content=\"1100\" \/>\n\t<meta property=\"og:image:height\" content=\"440\" \/>\n\t<meta property=\"og:image:type\" content=\"image\/jpeg\" \/>\n<meta name=\"author\" content=\"Alteuaire\" \/>\n<meta name=\"twitter:card\" content=\"summary_large_image\" \/>\n<meta name=\"twitter:creator\" content=\"@_alteuaire_\" \/>\n<meta name=\"twitter:site\" content=\"@_alteuaire_\" \/>\n<meta name=\"twitter:label1\" content=\"Escrito por\" \/>\n\t<meta name=\"twitter:data1\" content=\"Alteuaire\" \/>\n\t<meta name=\"twitter:label2\" content=\"Tiempo de lectura\" \/>\n\t<meta name=\"twitter:data2\" content=\"1 minuto\" \/>\n<script type=\"application\/ld+json\" class=\"yoast-schema-graph\">{\"@context\":\"https:\/\/schema.org\",\"@graph\":[{\"@type\":\"Article\",\"@id\":\"https:\/\/alteuaire.es\/es\/promociones\/promocion-teatro\/#article\",\"isPartOf\":{\"@id\":\"https:\/\/alteuaire.es\/es\/promociones\/promocion-teatro\/\"},\"author\":{\"name\":\"Alteuaire\",\"@id\":\"https:\/\/alteuaire.es\/es\/#\/schema\/person\/2245ce18b7c3324f6d175537ee7a8954\"},\"headline\":\"Promoci\u00f3n Teatro\",\"datePublished\":\"2016-10-27T09:55:05+00:00\",\"dateModified\":\"2016-11-28T10:15:20+00:00\",\"mainEntityOfPage\":{\"@id\":\"https:\/\/alteuaire.es\/es\/promociones\/promocion-teatro\/\"},\"wordCount\":255,\"commentCount\":0,\"publisher\":{\"@id\":\"https:\/\/alteuaire.es\/es\/#organization\"},\"image\":{\"@id\":\"https:\/\/alteuaire.es\/es\/promociones\/promocion-teatro\/#primaryimage\"},\"thumbnailUrl\":\"https:\/\/alteuaire.es\/wp-content\/uploads\/2016\/10\/banner-web.jpg\",\"keywords\":[\"alteuaire\",\"opera for kids\",\"promociones\",\"teatro\"],\"articleSection\":[\"promociones\",\"Promociones\"],\"inLanguage\":\"es\",\"potentialAction\":[{\"@type\":\"CommentAction\",\"name\":\"Comment\",\"target\":[\"https:\/\/alteuaire.es\/es\/promociones\/promocion-teatro\/#respond\"]}]},{\"@type\":\"WebPage\",\"@id\":\"https:\/\/alteuaire.es\/es\/promociones\/promocion-teatro\/\",\"url\":\"https:\/\/alteuaire.es\/es\/promociones\/promocion-teatro\/\",\"name\":\"Promoci\u00f3n Teatro - Al teu aire - Espai L\u00fadic i Privat\",\"isPartOf\":{\"@id\":\"https:\/\/alteuaire.es\/es\/#website\"},\"primaryImageOfPage\":{\"@id\":\"https:\/\/alteuaire.es\/es\/promociones\/promocion-teatro\/#primaryimage\"},\"image\":{\"@id\":\"https:\/\/alteuaire.es\/es\/promociones\/promocion-teatro\/#primaryimage\"},\"thumbnailUrl\":\"https:\/\/alteuaire.es\/wp-content\/uploads\/2016\/10\/banner-web.jpg\",\"datePublished\":\"2016-10-27T09:55:05+00:00\",\"dateModified\":\"2016-11-28T10:15:20+00:00\",\"breadcrumb\":{\"@id\":\"https:\/\/alteuaire.es\/es\/promociones\/promocion-teatro\/#breadcrumb\"},\"inLanguage\":\"es\",\"potentialAction\":[{\"@type\":\"ReadAction\",\"target\":[\"https:\/\/alteuaire.es\/es\/promociones\/promocion-teatro\/\"]}]},{\"@type\":\"ImageObject\",\"inLanguage\":\"es\",\"@id\":\"https:\/\/alteuaire.es\/es\/promociones\/promocion-teatro\/#primaryimage\",\"url\":\"https:\/\/alteuaire.es\/wp-content\/uploads\/2016\/10\/banner-web.jpg\",\"contentUrl\":\"https:\/\/alteuaire.es\/wp-content\/uploads\/2016\/10\/banner-web.jpg\",\"width\":1100,\"height\":440,\"caption\":\"opera for kids\"},{\"@type\":\"BreadcrumbList\",\"@id\":\"https:\/\/alteuaire.es\/es\/promociones\/promocion-teatro\/#breadcrumb\",\"itemListElement\":[{\"@type\":\"ListItem\",\"position\":1,\"name\":\"Inici\",\"item\":\"https:\/\/alteuaire.es\/es\/\"},{\"@type\":\"ListItem\",\"position\":2,\"name\":\"Promoci\u00f3n Teatro\"}]},{\"@type\":\"WebSite\",\"@id\":\"https:\/\/alteuaire.es\/es\/#website\",\"url\":\"https:\/\/alteuaire.es\/es\/\",\"name\":\"Al teu aire - Espai L\u00fadic i Privat\",\"description\":\"Alteuaire - Sales de festes privades de lloguer per aniversaris infantils y altres celebracions.\",\"publisher\":{\"@id\":\"https:\/\/alteuaire.es\/es\/#organization\"},\"potentialAction\":[{\"@type\":\"SearchAction\",\"target\":{\"@type\":\"EntryPoint\",\"urlTemplate\":\"https:\/\/alteuaire.es\/es\/?s={search_term_string}\"},\"query-input\":{\"@type\":\"PropertyValueSpecification\",\"valueRequired\":true,\"valueName\":\"search_term_string\"}}],\"inLanguage\":\"es\"},{\"@type\":\"Organization\",\"@id\":\"https:\/\/alteuaire.es\/es\/#organization\",\"name\":\"Alteuaire franquicies - Espai l\u00fadic i privat\",\"url\":\"https:\/\/alteuaire.es\/es\/\",\"logo\":{\"@type\":\"ImageObject\",\"inLanguage\":\"es\",\"@id\":\"https:\/\/alteuaire.es\/es\/#\/schema\/logo\/image\/\",\"url\":\"https:\/\/alteuaire.es\/wp-content\/uploads\/2016\/04\/alteauire.jpg\",\"contentUrl\":\"https:\/\/alteuaire.es\/wp-content\/uploads\/2016\/04\/alteauire.jpg\",\"width\":4606,\"height\":1920,\"caption\":\"Alteuaire franquicies - Espai l\u00fadic i privat\"},\"image\":{\"@id\":\"https:\/\/alteuaire.es\/es\/#\/schema\/logo\/image\/\"},\"sameAs\":[\"https:\/\/www.facebook.com\/alteuaire.franquicies\/\",\"https:\/\/x.com\/_alteuaire_\",\"https:\/\/www.instagram.com\/_alteuaire_\/\",\"https:\/\/es.pinterest.com\/alteuaire\/\"]},{\"@type\":\"Person\",\"@id\":\"https:\/\/alteuaire.es\/es\/#\/schema\/person\/2245ce18b7c3324f6d175537ee7a8954\",\"name\":\"Alteuaire\",\"image\":{\"@type\":\"ImageObject\",\"inLanguage\":\"es\",\"@id\":\"https:\/\/alteuaire.es\/es\/#\/schema\/person\/image\/\",\"url\":\"https:\/\/secure.gravatar.com\/avatar\/6d2c390651d511476d9a351e804cab32ee692bad09cf4b64ca83f4ce3f99d33f?s=96&d=mm&r=g\",\"contentUrl\":\"https:\/\/secure.gravatar.com\/avatar\/6d2c390651d511476d9a351e804cab32ee692bad09cf4b64ca83f4ce3f99d33f?s=96&d=mm&r=g\",\"caption\":\"Alteuaire\"},\"url\":\"https:\/\/alteuaire.es\/es\/author\/jon420\/\"}]}<\/script>\n<!-- \/ Yoast SEO plugin. -->","yoast_head_json":{"title":"Promoci\u00f3n Teatro - Al teu aire - Espai L\u00fadic i Privat","robots":{"index":"index","follow":"follow","max-snippet":"max-snippet:-1","max-image-preview":"max-image-preview:large","max-video-preview":"max-video-preview:-1"},"canonical":"https:\/\/alteuaire.es\/es\/promociones\/promocion-teatro\/","og_locale":"es_ES","og_type":"article","og_title":"Promoci\u00f3n Teatro - Al teu aire - Espai L\u00fadic i Privat","og_description":"Precio especial para clientes de Al teu aire Hasta el 3 de Enero Opera for kids, es un espect\u00e1culo l\u00fadico y did\u00e1ctico creado con la intenci\u00f3n de dar a conocer a los ni\u00f1os de seis a\u00f1os en adelante los conceptos cruciales sobre el mundo de la \u00f3pera. De la mano del esp\u00edritu de la \u00d3pera [&hellip;]","og_url":"https:\/\/alteuaire.es\/es\/promociones\/promocion-teatro\/","og_site_name":"Al teu aire - Espai L\u00fadic i Privat","article_publisher":"https:\/\/www.facebook.com\/alteuaire.franquicies\/","article_published_time":"2016-10-27T09:55:05+00:00","article_modified_time":"2016-11-28T10:15:20+00:00","og_image":[{"width":1100,"height":440,"url":"https:\/\/alteuaire.es\/wp-content\/uploads\/2016\/10\/banner-web.jpg","type":"image\/jpeg"}],"author":"Alteuaire","twitter_card":"summary_large_image","twitter_creator":"@_alteuaire_","twitter_site":"@_alteuaire_","twitter_misc":{"Escrito por":"Alteuaire","Tiempo de lectura":"1 minuto"},"schema":{"@context":"https:\/\/schema.org","@graph":[{"@type":"Article","@id":"https:\/\/alteuaire.es\/es\/promociones\/promocion-teatro\/#article","isPartOf":{"@id":"https:\/\/alteuaire.es\/es\/promociones\/promocion-teatro\/"},"author":{"name":"Alteuaire","@id":"https:\/\/alteuaire.es\/es\/#\/schema\/person\/2245ce18b7c3324f6d175537ee7a8954"},"headline":"Promoci\u00f3n Teatro","datePublished":"2016-10-27T09:55:05+00:00","dateModified":"2016-11-28T10:15:20+00:00","mainEntityOfPage":{"@id":"https:\/\/alteuaire.es\/es\/promociones\/promocion-teatro\/"},"wordCount":255,"commentCount":0,"publisher":{"@id":"https:\/\/alteuaire.es\/es\/#organization"},"image":{"@id":"https:\/\/alteuaire.es\/es\/promociones\/promocion-teatro\/#primaryimage"},"thumbnailUrl":"https:\/\/alteuaire.es\/wp-content\/uploads\/2016\/10\/banner-web.jpg","keywords":["alteuaire","opera for kids","promociones","teatro"],"articleSection":["promociones","Promociones"],"inLanguage":"es","potentialAction":[{"@type":"CommentAction","name":"Comment","target":["https:\/\/alteuaire.es\/es\/promociones\/promocion-teatro\/#respond"]}]},{"@type":"WebPage","@id":"https:\/\/alteuaire.es\/es\/promociones\/promocion-teatro\/","url":"https:\/\/alteuaire.es\/es\/promociones\/promocion-teatro\/","name":"Promoci\u00f3n Teatro - Al teu aire - Espai L\u00fadic i Privat","isPartOf":{"@id":"https:\/\/alteuaire.es\/es\/#website"},"primaryImageOfPage":{"@id":"https:\/\/alteuaire.es\/es\/promociones\/promocion-teatro\/#primaryimage"},"image":{"@id":"https:\/\/alteuaire.es\/es\/promociones\/promocion-teatro\/#primaryimage"},"thumbnailUrl":"https:\/\/alteuaire.es\/wp-content\/uploads\/2016\/10\/banner-web.jpg","datePublished":"2016-10-27T09:55:05+00:00","dateModified":"2016-11-28T10:15:20+00:00","breadcrumb":{"@id":"https:\/\/alteuaire.es\/es\/promociones\/promocion-teatro\/#breadcrumb"},"inLanguage":"es","potentialAction":[{"@type":"ReadAction","target":["https:\/\/alteuaire.es\/es\/promociones\/promocion-teatro\/"]}]},{"@type":"ImageObject","inLanguage":"es","@id":"https:\/\/alteuaire.es\/es\/promociones\/promocion-teatro\/#primaryimage","url":"https:\/\/alteuaire.es\/wp-content\/uploads\/2016\/10\/banner-web.jpg","contentUrl":"https:\/\/alteuaire.es\/wp-content\/uploads\/2016\/10\/banner-web.jpg","width":1100,"height":440,"caption":"opera for kids"},{"@type":"BreadcrumbList","@id":"https:\/\/alteuaire.es\/es\/promociones\/promocion-teatro\/#breadcrumb","itemListElement":[{"@type":"ListItem","position":1,"name":"Inici","item":"https:\/\/alteuaire.es\/es\/"},{"@type":"ListItem","position":2,"name":"Promoci\u00f3n Teatro"}]},{"@type":"WebSite","@id":"https:\/\/alteuaire.es\/es\/#website","url":"https:\/\/alteuaire.es\/es\/","name":"Al teu aire - Espai L\u00fadic i Privat","description":"Alteuaire - Sales de festes privades de lloguer per aniversaris infantils y altres celebracions.","publisher":{"@id":"https:\/\/alteuaire.es\/es\/#organization"},"potentialAction":[{"@type":"SearchAction","target":{"@type":"EntryPoint","urlTemplate":"https:\/\/alteuaire.es\/es\/?s={search_term_string}"},"query-input":{"@type":"PropertyValueSpecification","valueRequired":true,"valueName":"search_term_string"}}],"inLanguage":"es"},{"@type":"Organization","@id":"https:\/\/alteuaire.es\/es\/#organization","name":"Alteuaire franquicies - Espai l\u00fadic i privat","url":"https:\/\/alteuaire.es\/es\/","logo":{"@type":"ImageObject","inLanguage":"es","@id":"https:\/\/alteuaire.es\/es\/#\/schema\/logo\/image\/","url":"https:\/\/alteuaire.es\/wp-content\/uploads\/2016\/04\/alteauire.jpg","contentUrl":"https:\/\/alteuaire.es\/wp-content\/uploads\/2016\/04\/alteauire.jpg","width":4606,"height":1920,"caption":"Alteuaire franquicies - Espai l\u00fadic i privat"},"image":{"@id":"https:\/\/alteuaire.es\/es\/#\/schema\/logo\/image\/"},"sameAs":["https:\/\/www.facebook.com\/alteuaire.franquicies\/","https:\/\/x.com\/_alteuaire_","https:\/\/www.instagram.com\/_alteuaire_\/","https:\/\/es.pinterest.com\/alteuaire\/"]},{"@type":"Person","@id":"https:\/\/alteuaire.es\/es\/#\/schema\/person\/2245ce18b7c3324f6d175537ee7a8954","name":"Alteuaire","image":{"@type":"ImageObject","inLanguage":"es","@id":"https:\/\/alteuaire.es\/es\/#\/schema\/person\/image\/","url":"https:\/\/secure.gravatar.com\/avatar\/6d2c390651d511476d9a351e804cab32ee692bad09cf4b64ca83f4ce3f99d33f?s=96&d=mm&r=g","contentUrl":"https:\/\/secure.gravatar.com\/avatar\/6d2c390651d511476d9a351e804cab32ee692bad09cf4b64ca83f4ce3f99d33f?s=96&d=mm&r=g","caption":"Alteuaire"},"url":"https:\/\/alteuaire.es\/es\/author\/jon420\/"}]}},"publishpress_future_action":{"enabled":false,"date":"2026-05-07 00:44:44","action":"change-status","newStatus":"draft","terms":[],"taxonomy":"category","extraData":[]},"publishpress_future_workflow_manual_trigger":{"enabledWorkflows":[]},"_links":{"self":[{"href":"https:\/\/alteuaire.es\/es\/wp-json\/wp\/v2\/posts\/3339","targetHints":{"allow":["GET"]}}],"collection":[{"href":"https:\/\/alteuaire.es\/es\/wp-json\/wp\/v2\/posts"}],"about":[{"href":"https:\/\/alteuaire.es\/es\/wp-json\/wp\/v2\/types\/post"}],"author":[{"embeddable":true,"href":"https:\/\/alteuaire.es\/es\/wp-json\/wp\/v2\/users\/1"}],"replies":[{"embeddable":true,"href":"https:\/\/alteuaire.es\/es\/wp-json\/wp\/v2\/comments?post=3339"}],"version-history":[{"count":0,"href":"https:\/\/alteuaire.es\/es\/wp-json\/wp\/v2\/posts\/3339\/revisions"}],"wp:featuredmedia":[{"embeddable":true,"href":"https:\/\/alteuaire.es\/es\/wp-json\/wp\/v2\/media\/3335"}],"wp:attachment":[{"href":"https:\/\/alteuaire.es\/es\/wp-json\/wp\/v2\/media?parent=3339"}],"wp:term":[{"taxonomy":"category","embeddable":true,"href":"https:\/\/alteuaire.es\/es\/wp-json\/wp\/v2\/categories?post=3339"},{"taxonomy":"post_tag","embeddable":true,"href":"https:\/\/alteuaire.es\/es\/wp-json\/wp\/v2\/tags?post=3339"}],"curies":[{"name":"wp","href":"https:\/\/api.w.org\/{rel}","templated":true}]}}