{"id":3349,"date":"2016-11-21T13:18:02","date_gmt":"2016-11-21T12:18:02","guid":{"rendered":"https:\/\/alteuaire.es\/es\/?p=3349"},"modified":"2016-11-21T13:21:39","modified_gmt":"2016-11-21T12:21:39","slug":"alteuaire-acoge-rodaje-programa-quartsdenou","status":"publish","type":"post","link":"https:\/\/alteuaire.es\/es\/blog-es\/alteuaire-acoge-rodaje-programa-quartsdenou\/","title":{"rendered":"Al teu aire acoge el rodaje del programa Quarts de nou"},"content":{"rendered":"<p>El programa de tv3 Quarts de nou dedicado al mundo Casteller, grab\u00f3 el pasado 4 de noviembre una tertulia con j\u00f3venes Castellers en nuestra sala de Viladecans.<\/p>\n<p>Os dejamos el v\u00eddeo completo grabado en nuestra sala.<\/p>\n<p><iframe loading=\"lazy\" src=\"http:\/\/www.ccma.cat\/video\/embed\/5631200\" width=\"500px\" height=\"281px\" frameborder=\"0\" scrolling=\"no\" allowfullscreen=\"allowfullscreen\"><\/iframe><\/p>\n","protected":false},"excerpt":{"rendered":"<p>El programa de tv3 Quarts de nou dedicado al mundo Casteller, grab\u00f3 el pasado 4 de noviembre una tertulia con j\u00f3venes Castellers en nuestra sala de Viladecans. Os dejamos el v\u00eddeo completo grabado en nuestra sala.<\/p>\n","protected":false},"author":1,"featured_media":3351,"comment_status":"open","ping_status":"open","sticky":false,"template":"","format":"standard","meta":{"_acf_changed":false,"footnotes":""},"categories":[52],"tags":[32,64,45,63,65,62],"class_list":["post-3349","post","type-post","status-publish","format-standard","has-post-thumbnail","hentry","category-blog-es","tag-alteuaire-es","tag-castellers","tag-fiestas-infantiles","tag-rodaje","tag-sala-para-fiestas","tag-tv3"],"acf":[],"yoast_head":"<!-- This site is optimized with the Yoast SEO plugin v26.8 - https:\/\/yoast.com\/product\/yoast-seo-wordpress\/ -->\n<title>Al teu aire acoge el rodaje del programa Quarts de nou - Al teu aire - Espai L\u00fadic i Privat<\/title>\n<meta name=\"robots\" content=\"index, follow, max-snippet:-1, max-image-preview:large, max-video-preview:-1\" \/>\n<link rel=\"canonical\" href=\"https:\/\/alteuaire.es\/es\/blog-es\/alteuaire-acoge-rodaje-programa-quartsdenou\/\" \/>\n<meta property=\"og:locale\" content=\"es_ES\" \/>\n<meta property=\"og:type\" content=\"article\" \/>\n<meta property=\"og:title\" content=\"Al teu aire acoge el rodaje del programa Quarts de nou - Al teu aire - Espai L\u00fadic i Privat\" \/>\n<meta property=\"og:description\" content=\"El programa de tv3 Quarts de nou dedicado al mundo Casteller, grab\u00f3 el pasado 4 de noviembre una tertulia con j\u00f3venes Castellers en nuestra sala de Viladecans. Os dejamos el v\u00eddeo completo grabado en nuestra sala.\" \/>\n<meta property=\"og:url\" content=\"https:\/\/alteuaire.es\/es\/blog-es\/alteuaire-acoge-rodaje-programa-quartsdenou\/\" \/>\n<meta property=\"og:site_name\" content=\"Al teu aire - Espai L\u00fadic i Privat\" \/>\n<meta property=\"article:publisher\" content=\"https:\/\/www.facebook.com\/alteuaire.franquicies\/\" \/>\n<meta property=\"article:published_time\" content=\"2016-11-21T12:18:02+00:00\" \/>\n<meta property=\"article:modified_time\" content=\"2016-11-21T12:21:39+00:00\" \/>\n<meta property=\"og:image\" content=\"https:\/\/alteuaire.es\/wp-content\/uploads\/2016\/11\/quartsdenou-es.jpg\" \/>\n\t<meta property=\"og:image:width\" content=\"800\" \/>\n\t<meta property=\"og:image:height\" content=\"435\" \/>\n\t<meta property=\"og:image:type\" content=\"image\/jpeg\" \/>\n<meta name=\"author\" content=\"Alteuaire\" \/>\n<meta name=\"twitter:card\" content=\"summary_large_image\" \/>\n<meta name=\"twitter:creator\" content=\"@_alteuaire_\" \/>\n<meta name=\"twitter:site\" content=\"@_alteuaire_\" \/>\n<meta name=\"twitter:label1\" content=\"Escrito por\" \/>\n\t<meta name=\"twitter:data1\" content=\"Alteuaire\" \/>\n<script type=\"application\/ld+json\" class=\"yoast-schema-graph\">{\"@context\":\"https:\/\/schema.org\",\"@graph\":[{\"@type\":\"Article\",\"@id\":\"https:\/\/alteuaire.es\/es\/blog-es\/alteuaire-acoge-rodaje-programa-quartsdenou\/#article\",\"isPartOf\":{\"@id\":\"https:\/\/alteuaire.es\/es\/blog-es\/alteuaire-acoge-rodaje-programa-quartsdenou\/\"},\"author\":{\"name\":\"Alteuaire\",\"@id\":\"https:\/\/alteuaire.es\/es\/#\/schema\/person\/2245ce18b7c3324f6d175537ee7a8954\"},\"headline\":\"Al teu aire acoge el rodaje del programa Quarts de nou\",\"datePublished\":\"2016-11-21T12:18:02+00:00\",\"dateModified\":\"2016-11-21T12:21:39+00:00\",\"mainEntityOfPage\":{\"@id\":\"https:\/\/alteuaire.es\/es\/blog-es\/alteuaire-acoge-rodaje-programa-quartsdenou\/\"},\"wordCount\":48,\"commentCount\":0,\"publisher\":{\"@id\":\"https:\/\/alteuaire.es\/es\/#organization\"},\"image\":{\"@id\":\"https:\/\/alteuaire.es\/es\/blog-es\/alteuaire-acoge-rodaje-programa-quartsdenou\/#primaryimage\"},\"thumbnailUrl\":\"https:\/\/alteuaire.es\/wp-content\/uploads\/2016\/11\/quartsdenou-es.jpg\",\"keywords\":[\"alteuaire\",\"castellers\",\"fiestas infantiles\",\"rodaje\",\"sala para fiestas\",\"tv3\"],\"articleSection\":[\"blog\"],\"inLanguage\":\"es\",\"potentialAction\":[{\"@type\":\"CommentAction\",\"name\":\"Comment\",\"target\":[\"https:\/\/alteuaire.es\/es\/blog-es\/alteuaire-acoge-rodaje-programa-quartsdenou\/#respond\"]}]},{\"@type\":\"WebPage\",\"@id\":\"https:\/\/alteuaire.es\/es\/blog-es\/alteuaire-acoge-rodaje-programa-quartsdenou\/\",\"url\":\"https:\/\/alteuaire.es\/es\/blog-es\/alteuaire-acoge-rodaje-programa-quartsdenou\/\",\"name\":\"Al teu aire acoge el rodaje del programa Quarts de nou - Al teu aire - Espai L\u00fadic i Privat\",\"isPartOf\":{\"@id\":\"https:\/\/alteuaire.es\/es\/#website\"},\"primaryImageOfPage\":{\"@id\":\"https:\/\/alteuaire.es\/es\/blog-es\/alteuaire-acoge-rodaje-programa-quartsdenou\/#primaryimage\"},\"image\":{\"@id\":\"https:\/\/alteuaire.es\/es\/blog-es\/alteuaire-acoge-rodaje-programa-quartsdenou\/#primaryimage\"},\"thumbnailUrl\":\"https:\/\/alteuaire.es\/wp-content\/uploads\/2016\/11\/quartsdenou-es.jpg\",\"datePublished\":\"2016-11-21T12:18:02+00:00\",\"dateModified\":\"2016-11-21T12:21:39+00:00\",\"breadcrumb\":{\"@id\":\"https:\/\/alteuaire.es\/es\/blog-es\/alteuaire-acoge-rodaje-programa-quartsdenou\/#breadcrumb\"},\"inLanguage\":\"es\",\"potentialAction\":[{\"@type\":\"ReadAction\",\"target\":[\"https:\/\/alteuaire.es\/es\/blog-es\/alteuaire-acoge-rodaje-programa-quartsdenou\/\"]}]},{\"@type\":\"ImageObject\",\"inLanguage\":\"es\",\"@id\":\"https:\/\/alteuaire.es\/es\/blog-es\/alteuaire-acoge-rodaje-programa-quartsdenou\/#primaryimage\",\"url\":\"https:\/\/alteuaire.es\/wp-content\/uploads\/2016\/11\/quartsdenou-es.jpg\",\"contentUrl\":\"https:\/\/alteuaire.es\/wp-content\/uploads\/2016\/11\/quartsdenou-es.jpg\",\"width\":800,\"height\":435,\"caption\":\"alteuaire\"},{\"@type\":\"BreadcrumbList\",\"@id\":\"https:\/\/alteuaire.es\/es\/blog-es\/alteuaire-acoge-rodaje-programa-quartsdenou\/#breadcrumb\",\"itemListElement\":[{\"@type\":\"ListItem\",\"position\":1,\"name\":\"Inici\",\"item\":\"https:\/\/alteuaire.es\/es\/\"},{\"@type\":\"ListItem\",\"position\":2,\"name\":\"Al teu aire acoge el rodaje del programa Quarts de nou\"}]},{\"@type\":\"WebSite\",\"@id\":\"https:\/\/alteuaire.es\/es\/#website\",\"url\":\"https:\/\/alteuaire.es\/es\/\",\"name\":\"Al teu aire - Espai L\u00fadic i Privat\",\"description\":\"Alteuaire - Sales de festes privades de lloguer per aniversaris infantils y altres celebracions.\",\"publisher\":{\"@id\":\"https:\/\/alteuaire.es\/es\/#organization\"},\"potentialAction\":[{\"@type\":\"SearchAction\",\"target\":{\"@type\":\"EntryPoint\",\"urlTemplate\":\"https:\/\/alteuaire.es\/es\/?s={search_term_string}\"},\"query-input\":{\"@type\":\"PropertyValueSpecification\",\"valueRequired\":true,\"valueName\":\"search_term_string\"}}],\"inLanguage\":\"es\"},{\"@type\":\"Organization\",\"@id\":\"https:\/\/alteuaire.es\/es\/#organization\",\"name\":\"Alteuaire franquicies - Espai l\u00fadic i privat\",\"url\":\"https:\/\/alteuaire.es\/es\/\",\"logo\":{\"@type\":\"ImageObject\",\"inLanguage\":\"es\",\"@id\":\"https:\/\/alteuaire.es\/es\/#\/schema\/logo\/image\/\",\"url\":\"https:\/\/alteuaire.es\/wp-content\/uploads\/2016\/04\/alteauire.jpg\",\"contentUrl\":\"https:\/\/alteuaire.es\/wp-content\/uploads\/2016\/04\/alteauire.jpg\",\"width\":4606,\"height\":1920,\"caption\":\"Alteuaire franquicies - Espai l\u00fadic i privat\"},\"image\":{\"@id\":\"https:\/\/alteuaire.es\/es\/#\/schema\/logo\/image\/\"},\"sameAs\":[\"https:\/\/www.facebook.com\/alteuaire.franquicies\/\",\"https:\/\/x.com\/_alteuaire_\",\"https:\/\/www.instagram.com\/_alteuaire_\/\",\"https:\/\/es.pinterest.com\/alteuaire\/\"]},{\"@type\":\"Person\",\"@id\":\"https:\/\/alteuaire.es\/es\/#\/schema\/person\/2245ce18b7c3324f6d175537ee7a8954\",\"name\":\"Alteuaire\",\"image\":{\"@type\":\"ImageObject\",\"inLanguage\":\"es\",\"@id\":\"https:\/\/alteuaire.es\/es\/#\/schema\/person\/image\/\",\"url\":\"https:\/\/secure.gravatar.com\/avatar\/6d2c390651d511476d9a351e804cab32ee692bad09cf4b64ca83f4ce3f99d33f?s=96&d=mm&r=g\",\"contentUrl\":\"https:\/\/secure.gravatar.com\/avatar\/6d2c390651d511476d9a351e804cab32ee692bad09cf4b64ca83f4ce3f99d33f?s=96&d=mm&r=g\",\"caption\":\"Alteuaire\"},\"url\":\"https:\/\/alteuaire.es\/es\/author\/jon420\/\"}]}<\/script>\n<!-- \/ Yoast SEO plugin. -->","yoast_head_json":{"title":"Al teu aire acoge el rodaje del programa Quarts de nou - Al teu aire - Espai L\u00fadic i Privat","robots":{"index":"index","follow":"follow","max-snippet":"max-snippet:-1","max-image-preview":"max-image-preview:large","max-video-preview":"max-video-preview:-1"},"canonical":"https:\/\/alteuaire.es\/es\/blog-es\/alteuaire-acoge-rodaje-programa-quartsdenou\/","og_locale":"es_ES","og_type":"article","og_title":"Al teu aire acoge el rodaje del programa Quarts de nou - Al teu aire - Espai L\u00fadic i Privat","og_description":"El programa de tv3 Quarts de nou dedicado al mundo Casteller, grab\u00f3 el pasado 4 de noviembre una tertulia con j\u00f3venes Castellers en nuestra sala de Viladecans. Os dejamos el v\u00eddeo completo grabado en nuestra sala.","og_url":"https:\/\/alteuaire.es\/es\/blog-es\/alteuaire-acoge-rodaje-programa-quartsdenou\/","og_site_name":"Al teu aire - Espai L\u00fadic i Privat","article_publisher":"https:\/\/www.facebook.com\/alteuaire.franquicies\/","article_published_time":"2016-11-21T12:18:02+00:00","article_modified_time":"2016-11-21T12:21:39+00:00","og_image":[{"width":800,"height":435,"url":"https:\/\/alteuaire.es\/wp-content\/uploads\/2016\/11\/quartsdenou-es.jpg","type":"image\/jpeg"}],"author":"Alteuaire","twitter_card":"summary_large_image","twitter_creator":"@_alteuaire_","twitter_site":"@_alteuaire_","twitter_misc":{"Escrito por":"Alteuaire"},"schema":{"@context":"https:\/\/schema.org","@graph":[{"@type":"Article","@id":"https:\/\/alteuaire.es\/es\/blog-es\/alteuaire-acoge-rodaje-programa-quartsdenou\/#article","isPartOf":{"@id":"https:\/\/alteuaire.es\/es\/blog-es\/alteuaire-acoge-rodaje-programa-quartsdenou\/"},"author":{"name":"Alteuaire","@id":"https:\/\/alteuaire.es\/es\/#\/schema\/person\/2245ce18b7c3324f6d175537ee7a8954"},"headline":"Al teu aire acoge el rodaje del programa Quarts de nou","datePublished":"2016-11-21T12:18:02+00:00","dateModified":"2016-11-21T12:21:39+00:00","mainEntityOfPage":{"@id":"https:\/\/alteuaire.es\/es\/blog-es\/alteuaire-acoge-rodaje-programa-quartsdenou\/"},"wordCount":48,"commentCount":0,"publisher":{"@id":"https:\/\/alteuaire.es\/es\/#organization"},"image":{"@id":"https:\/\/alteuaire.es\/es\/blog-es\/alteuaire-acoge-rodaje-programa-quartsdenou\/#primaryimage"},"thumbnailUrl":"https:\/\/alteuaire.es\/wp-content\/uploads\/2016\/11\/quartsdenou-es.jpg","keywords":["alteuaire","castellers","fiestas infantiles","rodaje","sala para fiestas","tv3"],"articleSection":["blog"],"inLanguage":"es","potentialAction":[{"@type":"CommentAction","name":"Comment","target":["https:\/\/alteuaire.es\/es\/blog-es\/alteuaire-acoge-rodaje-programa-quartsdenou\/#respond"]}]},{"@type":"WebPage","@id":"https:\/\/alteuaire.es\/es\/blog-es\/alteuaire-acoge-rodaje-programa-quartsdenou\/","url":"https:\/\/alteuaire.es\/es\/blog-es\/alteuaire-acoge-rodaje-programa-quartsdenou\/","name":"Al teu aire acoge el rodaje del programa Quarts de nou - Al teu aire - Espai L\u00fadic i Privat","isPartOf":{"@id":"https:\/\/alteuaire.es\/es\/#website"},"primaryImageOfPage":{"@id":"https:\/\/alteuaire.es\/es\/blog-es\/alteuaire-acoge-rodaje-programa-quartsdenou\/#primaryimage"},"image":{"@id":"https:\/\/alteuaire.es\/es\/blog-es\/alteuaire-acoge-rodaje-programa-quartsdenou\/#primaryimage"},"thumbnailUrl":"https:\/\/alteuaire.es\/wp-content\/uploads\/2016\/11\/quartsdenou-es.jpg","datePublished":"2016-11-21T12:18:02+00:00","dateModified":"2016-11-21T12:21:39+00:00","breadcrumb":{"@id":"https:\/\/alteuaire.es\/es\/blog-es\/alteuaire-acoge-rodaje-programa-quartsdenou\/#breadcrumb"},"inLanguage":"es","potentialAction":[{"@type":"ReadAction","target":["https:\/\/alteuaire.es\/es\/blog-es\/alteuaire-acoge-rodaje-programa-quartsdenou\/"]}]},{"@type":"ImageObject","inLanguage":"es","@id":"https:\/\/alteuaire.es\/es\/blog-es\/alteuaire-acoge-rodaje-programa-quartsdenou\/#primaryimage","url":"https:\/\/alteuaire.es\/wp-content\/uploads\/2016\/11\/quartsdenou-es.jpg","contentUrl":"https:\/\/alteuaire.es\/wp-content\/uploads\/2016\/11\/quartsdenou-es.jpg","width":800,"height":435,"caption":"alteuaire"},{"@type":"BreadcrumbList","@id":"https:\/\/alteuaire.es\/es\/blog-es\/alteuaire-acoge-rodaje-programa-quartsdenou\/#breadcrumb","itemListElement":[{"@type":"ListItem","position":1,"name":"Inici","item":"https:\/\/alteuaire.es\/es\/"},{"@type":"ListItem","position":2,"name":"Al teu aire acoge el rodaje del programa Quarts de nou"}]},{"@type":"WebSite","@id":"https:\/\/alteuaire.es\/es\/#website","url":"https:\/\/alteuaire.es\/es\/","name":"Al teu aire - Espai L\u00fadic i Privat","description":"Alteuaire - Sales de festes privades de lloguer per aniversaris infantils y altres celebracions.","publisher":{"@id":"https:\/\/alteuaire.es\/es\/#organization"},"potentialAction":[{"@type":"SearchAction","target":{"@type":"EntryPoint","urlTemplate":"https:\/\/alteuaire.es\/es\/?s={search_term_string}"},"query-input":{"@type":"PropertyValueSpecification","valueRequired":true,"valueName":"search_term_string"}}],"inLanguage":"es"},{"@type":"Organization","@id":"https:\/\/alteuaire.es\/es\/#organization","name":"Alteuaire franquicies - Espai l\u00fadic i privat","url":"https:\/\/alteuaire.es\/es\/","logo":{"@type":"ImageObject","inLanguage":"es","@id":"https:\/\/alteuaire.es\/es\/#\/schema\/logo\/image\/","url":"https:\/\/alteuaire.es\/wp-content\/uploads\/2016\/04\/alteauire.jpg","contentUrl":"https:\/\/alteuaire.es\/wp-content\/uploads\/2016\/04\/alteauire.jpg","width":4606,"height":1920,"caption":"Alteuaire franquicies - Espai l\u00fadic i privat"},"image":{"@id":"https:\/\/alteuaire.es\/es\/#\/schema\/logo\/image\/"},"sameAs":["https:\/\/www.facebook.com\/alteuaire.franquicies\/","https:\/\/x.com\/_alteuaire_","https:\/\/www.instagram.com\/_alteuaire_\/","https:\/\/es.pinterest.com\/alteuaire\/"]},{"@type":"Person","@id":"https:\/\/alteuaire.es\/es\/#\/schema\/person\/2245ce18b7c3324f6d175537ee7a8954","name":"Alteuaire","image":{"@type":"ImageObject","inLanguage":"es","@id":"https:\/\/alteuaire.es\/es\/#\/schema\/person\/image\/","url":"https:\/\/secure.gravatar.com\/avatar\/6d2c390651d511476d9a351e804cab32ee692bad09cf4b64ca83f4ce3f99d33f?s=96&d=mm&r=g","contentUrl":"https:\/\/secure.gravatar.com\/avatar\/6d2c390651d511476d9a351e804cab32ee692bad09cf4b64ca83f4ce3f99d33f?s=96&d=mm&r=g","caption":"Alteuaire"},"url":"https:\/\/alteuaire.es\/es\/author\/jon420\/"}]}},"publishpress_future_action":{"enabled":false,"date":"2026-05-07 01:33:37","action":"change-status","newStatus":"draft","terms":[],"taxonomy":"category","extraData":[]},"publishpress_future_workflow_manual_trigger":{"enabledWorkflows":[]},"_links":{"self":[{"href":"https:\/\/alteuaire.es\/es\/wp-json\/wp\/v2\/posts\/3349","targetHints":{"allow":["GET"]}}],"collection":[{"href":"https:\/\/alteuaire.es\/es\/wp-json\/wp\/v2\/posts"}],"about":[{"href":"https:\/\/alteuaire.es\/es\/wp-json\/wp\/v2\/types\/post"}],"author":[{"embeddable":true,"href":"https:\/\/alteuaire.es\/es\/wp-json\/wp\/v2\/users\/1"}],"replies":[{"embeddable":true,"href":"https:\/\/alteuaire.es\/es\/wp-json\/wp\/v2\/comments?post=3349"}],"version-history":[{"count":0,"href":"https:\/\/alteuaire.es\/es\/wp-json\/wp\/v2\/posts\/3349\/revisions"}],"wp:featuredmedia":[{"embeddable":true,"href":"https:\/\/alteuaire.es\/es\/wp-json\/wp\/v2\/media\/3351"}],"wp:attachment":[{"href":"https:\/\/alteuaire.es\/es\/wp-json\/wp\/v2\/media?parent=3349"}],"wp:term":[{"taxonomy":"category","embeddable":true,"href":"https:\/\/alteuaire.es\/es\/wp-json\/wp\/v2\/categories?post=3349"},{"taxonomy":"post_tag","embeddable":true,"href":"https:\/\/alteuaire.es\/es\/wp-json\/wp\/v2\/tags?post=3349"}],"curies":[{"name":"wp","href":"https:\/\/api.w.org\/{rel}","templated":true}]}}