{"id":3398,"date":"2016-12-02T12:22:00","date_gmt":"2016-12-02T11:22:00","guid":{"rendered":"https:\/\/alteuaire.es\/es\/?p=3398"},"modified":"2016-12-02T12:22:00","modified_gmt":"2016-12-02T11:22:00","slug":"promocion-teatro-una-bruixa-a-barcelona","status":"publish","type":"post","link":"https:\/\/alteuaire.es\/es\/promociones\/promocion-teatro-una-bruixa-a-barcelona\/","title":{"rendered":"Promoci\u00f3n Teatro: Una Bruixa a Barcelona"},"content":{"rendered":"<h2>Una Bruixa a Barcelona<br \/>\nPrecio especial para clientes de Al Teu Aire<\/h2>\n<p>La Lucre, una alegre ni\u00f1a cubana, sufre una incre\u00edble Transformaci\u00f3n en llegar a Barcelona; el Cabello se le pinta de mil colores y Comienza a experimentar unos poderes m\u00e1gicos que le eran desconocidos Hasta entonces &#8230;<\/p>\n<p>Lucrecia vuelve a los escenarios con 1 nuevo espect\u00e1culo para ni\u00f1os pero del que seguro disfrutar\u00e1 toda la familia. Transformada en una bruja de trenzas de mil colores, su historia reivindicar\u00e1 a los muchos elementos representativos de la ciudad de Barcelona, as\u00ed como la importancia de la amistad o con el drag\u00f3n de Gaud\u00ed que ha cobrado vida. Porque no hay brujas buenas o malas, solo brujas que se comportan bien o mal &#8230; .. Ah! Y todo aderezado con unas inolvidables canciones interpretadas con su inconfundible ritmo cubano.<\/p>\n<p><iframe loading=\"lazy\" src=\"https:\/\/www.youtube.com\/embed\/n05PvvjETio?rel=0\" width=\"1280\" height=\"720\" frameborder=\"0\" allowfullscreen=\"allowfullscreen\"><\/iframe><\/p>\n<p>D\u00edas de representaci\u00f3n:<\/p>\n<p>Domingo \u00a0 \u00a0 \u00a0 \u00a0 11\/12 \u00a0\u00a0 12h<br \/>\nDomingo \u00a0 \u00a0 \u00a0 \u00a0 18\/12 \u00a0\u00a0 12h<br \/>\nViernes \u00a0 \u00a0 \u00a0 \u00a0 \u00a0 \u00a0 23\/12\u00a0\u00a0\u00a0 17h<br \/>\nJueves \u00a0 \u00a0 \u00a0 \u00a0 \u00a0 \u00a0 \u00a0 29\/12 \u00a0\u00a0 16h<br \/>\nViernes \u00a0 \u00a0 \u00a0 \u00a0 \u00a0 \u00a0 30\/12 \u00a0\u00a0 17h<br \/>\nMartes \u00a0 \u00a0 \u00a0 \u00a0 \u00a0 \u00a0 \u00a003\/01 \u00a0\u00a0 16:30h<br \/>\nMi\u00e9rcoles \u00a0\u00a0\u00a0\u00a0\u00a0\u00a0\u00a004\/01 \u00a0\u00a0 16:30h<br \/>\nDomingo\u00a0\u00a0\u00a0\u00a0\u00a0\u00a0\u00a0\u00a0 08\/01 \u00a0\u00a0 \u00a012h<br \/>\nDomingo \u00a0 \u00a0 \u00a0 \u00a0 15\/01 \u00a0\u00a0 \u00a012h<br \/>\nDomingo\u00a0\u00a0\u00a0\u00a0\u00a0\u00a0\u00a0\u00a0 22\/01 \u00a0\u00a0 \u00a012h<br \/>\nDomingo \u00a0 \u00a0 \u00a0 \u00a0 29\/01 \u00a0\u00a0 \u00a012h<\/p>\n<p>&nbsp;<\/p>\n","protected":false},"excerpt":{"rendered":"<p>Una Bruixa a Barcelona Precio especial para clientes de Al Teu Aire La Lucre, una alegre ni\u00f1a cubana, sufre una incre\u00edble Transformaci\u00f3n en llegar a Barcelona; el Cabello se le pinta de mil colores y Comienza a experimentar unos poderes m\u00e1gicos que le eran desconocidos Hasta entonces &#8230; Lucrecia vuelve a los escenarios con 1 [&hellip;]<\/p>\n","protected":false},"author":1,"featured_media":3396,"comment_status":"open","ping_status":"open","sticky":false,"template":"","format":"standard","meta":{"_acf_changed":false,"footnotes":""},"categories":[39,31],"tags":[32,69,71,60,59,70],"class_list":["post-3398","post","type-post","status-publish","format-standard","has-post-thumbnail","hentry","category-promociones","category-promociones-es","tag-alteuaire-es","tag-lucrecia","tag-obras-de-teatro-barcelona","tag-promociones","tag-teatro","tag-teatro-victoria"],"acf":[],"yoast_head":"<!-- This site is optimized with the Yoast SEO plugin v26.8 - https:\/\/yoast.com\/product\/yoast-seo-wordpress\/ -->\n<title>Promoci\u00f3n Teatro: Una Bruixa a Barcelona - Al teu aire - Espai L\u00fadic i Privat<\/title>\n<meta name=\"robots\" content=\"index, follow, max-snippet:-1, max-image-preview:large, max-video-preview:-1\" \/>\n<link rel=\"canonical\" href=\"https:\/\/alteuaire.es\/es\/promociones\/promocion-teatro-una-bruixa-a-barcelona\/\" \/>\n<meta property=\"og:locale\" content=\"es_ES\" \/>\n<meta property=\"og:type\" content=\"article\" \/>\n<meta property=\"og:title\" content=\"Promoci\u00f3n Teatro: Una Bruixa a Barcelona - Al teu aire - Espai L\u00fadic i Privat\" \/>\n<meta property=\"og:description\" content=\"Una Bruixa a Barcelona Precio especial para clientes de Al Teu Aire La Lucre, una alegre ni\u00f1a cubana, sufre una incre\u00edble Transformaci\u00f3n en llegar a Barcelona; el Cabello se le pinta de mil colores y Comienza a experimentar unos poderes m\u00e1gicos que le eran desconocidos Hasta entonces &#8230; Lucrecia vuelve a los escenarios con 1 [&hellip;]\" \/>\n<meta property=\"og:url\" content=\"https:\/\/alteuaire.es\/es\/promociones\/promocion-teatro-una-bruixa-a-barcelona\/\" \/>\n<meta property=\"og:site_name\" content=\"Al teu aire - Espai L\u00fadic i Privat\" \/>\n<meta property=\"article:publisher\" content=\"https:\/\/www.facebook.com\/alteuaire.franquicies\/\" \/>\n<meta property=\"article:published_time\" content=\"2016-12-02T11:22:00+00:00\" \/>\n<meta property=\"og:image\" content=\"https:\/\/alteuaire.es\/wp-content\/uploads\/2016\/12\/una-bruixa-a-barcelona.jpg\" \/>\n\t<meta property=\"og:image:width\" content=\"1100\" \/>\n\t<meta property=\"og:image:height\" content=\"440\" \/>\n\t<meta property=\"og:image:type\" content=\"image\/jpeg\" \/>\n<meta name=\"author\" content=\"Alteuaire\" \/>\n<meta name=\"twitter:card\" content=\"summary_large_image\" \/>\n<meta name=\"twitter:creator\" content=\"@_alteuaire_\" \/>\n<meta name=\"twitter:site\" content=\"@_alteuaire_\" \/>\n<meta name=\"twitter:label1\" content=\"Escrito por\" \/>\n\t<meta name=\"twitter:data1\" content=\"Alteuaire\" \/>\n\t<meta name=\"twitter:label2\" content=\"Tiempo de lectura\" \/>\n\t<meta name=\"twitter:data2\" content=\"1 minuto\" \/>\n<script type=\"application\/ld+json\" class=\"yoast-schema-graph\">{\"@context\":\"https:\/\/schema.org\",\"@graph\":[{\"@type\":\"Article\",\"@id\":\"https:\/\/alteuaire.es\/es\/promociones\/promocion-teatro-una-bruixa-a-barcelona\/#article\",\"isPartOf\":{\"@id\":\"https:\/\/alteuaire.es\/es\/promociones\/promocion-teatro-una-bruixa-a-barcelona\/\"},\"author\":{\"name\":\"Alteuaire\",\"@id\":\"https:\/\/alteuaire.es\/es\/#\/schema\/person\/2245ce18b7c3324f6d175537ee7a8954\"},\"headline\":\"Promoci\u00f3n Teatro: Una Bruixa a Barcelona\",\"datePublished\":\"2016-12-02T11:22:00+00:00\",\"mainEntityOfPage\":{\"@id\":\"https:\/\/alteuaire.es\/es\/promociones\/promocion-teatro-una-bruixa-a-barcelona\/\"},\"wordCount\":176,\"commentCount\":0,\"publisher\":{\"@id\":\"https:\/\/alteuaire.es\/es\/#organization\"},\"image\":{\"@id\":\"https:\/\/alteuaire.es\/es\/promociones\/promocion-teatro-una-bruixa-a-barcelona\/#primaryimage\"},\"thumbnailUrl\":\"https:\/\/alteuaire.es\/wp-content\/uploads\/2016\/12\/una-bruixa-a-barcelona.jpg\",\"keywords\":[\"alteuaire\",\"lucrecia\",\"obras de teatro barcelona\",\"promociones\",\"teatro\",\"teatro victoria\"],\"articleSection\":[\"promociones\",\"Promociones\"],\"inLanguage\":\"es\",\"potentialAction\":[{\"@type\":\"CommentAction\",\"name\":\"Comment\",\"target\":[\"https:\/\/alteuaire.es\/es\/promociones\/promocion-teatro-una-bruixa-a-barcelona\/#respond\"]}]},{\"@type\":\"WebPage\",\"@id\":\"https:\/\/alteuaire.es\/es\/promociones\/promocion-teatro-una-bruixa-a-barcelona\/\",\"url\":\"https:\/\/alteuaire.es\/es\/promociones\/promocion-teatro-una-bruixa-a-barcelona\/\",\"name\":\"Promoci\u00f3n Teatro: Una Bruixa a Barcelona - Al teu aire - Espai L\u00fadic i Privat\",\"isPartOf\":{\"@id\":\"https:\/\/alteuaire.es\/es\/#website\"},\"primaryImageOfPage\":{\"@id\":\"https:\/\/alteuaire.es\/es\/promociones\/promocion-teatro-una-bruixa-a-barcelona\/#primaryimage\"},\"image\":{\"@id\":\"https:\/\/alteuaire.es\/es\/promociones\/promocion-teatro-una-bruixa-a-barcelona\/#primaryimage\"},\"thumbnailUrl\":\"https:\/\/alteuaire.es\/wp-content\/uploads\/2016\/12\/una-bruixa-a-barcelona.jpg\",\"datePublished\":\"2016-12-02T11:22:00+00:00\",\"breadcrumb\":{\"@id\":\"https:\/\/alteuaire.es\/es\/promociones\/promocion-teatro-una-bruixa-a-barcelona\/#breadcrumb\"},\"inLanguage\":\"es\",\"potentialAction\":[{\"@type\":\"ReadAction\",\"target\":[\"https:\/\/alteuaire.es\/es\/promociones\/promocion-teatro-una-bruixa-a-barcelona\/\"]}]},{\"@type\":\"ImageObject\",\"inLanguage\":\"es\",\"@id\":\"https:\/\/alteuaire.es\/es\/promociones\/promocion-teatro-una-bruixa-a-barcelona\/#primaryimage\",\"url\":\"https:\/\/alteuaire.es\/wp-content\/uploads\/2016\/12\/una-bruixa-a-barcelona.jpg\",\"contentUrl\":\"https:\/\/alteuaire.es\/wp-content\/uploads\/2016\/12\/una-bruixa-a-barcelona.jpg\",\"width\":1100,\"height\":440,\"caption\":\"Una Bruixa a Barcelona\"},{\"@type\":\"BreadcrumbList\",\"@id\":\"https:\/\/alteuaire.es\/es\/promociones\/promocion-teatro-una-bruixa-a-barcelona\/#breadcrumb\",\"itemListElement\":[{\"@type\":\"ListItem\",\"position\":1,\"name\":\"Inici\",\"item\":\"https:\/\/alteuaire.es\/es\/\"},{\"@type\":\"ListItem\",\"position\":2,\"name\":\"Promoci\u00f3n Teatro: Una Bruixa a Barcelona\"}]},{\"@type\":\"WebSite\",\"@id\":\"https:\/\/alteuaire.es\/es\/#website\",\"url\":\"https:\/\/alteuaire.es\/es\/\",\"name\":\"Al teu aire - Espai L\u00fadic i Privat\",\"description\":\"Alteuaire - Sales de festes privades de lloguer per aniversaris infantils y altres celebracions.\",\"publisher\":{\"@id\":\"https:\/\/alteuaire.es\/es\/#organization\"},\"potentialAction\":[{\"@type\":\"SearchAction\",\"target\":{\"@type\":\"EntryPoint\",\"urlTemplate\":\"https:\/\/alteuaire.es\/es\/?s={search_term_string}\"},\"query-input\":{\"@type\":\"PropertyValueSpecification\",\"valueRequired\":true,\"valueName\":\"search_term_string\"}}],\"inLanguage\":\"es\"},{\"@type\":\"Organization\",\"@id\":\"https:\/\/alteuaire.es\/es\/#organization\",\"name\":\"Alteuaire franquicies - Espai l\u00fadic i privat\",\"url\":\"https:\/\/alteuaire.es\/es\/\",\"logo\":{\"@type\":\"ImageObject\",\"inLanguage\":\"es\",\"@id\":\"https:\/\/alteuaire.es\/es\/#\/schema\/logo\/image\/\",\"url\":\"https:\/\/alteuaire.es\/wp-content\/uploads\/2016\/04\/alteauire.jpg\",\"contentUrl\":\"https:\/\/alteuaire.es\/wp-content\/uploads\/2016\/04\/alteauire.jpg\",\"width\":4606,\"height\":1920,\"caption\":\"Alteuaire franquicies - Espai l\u00fadic i privat\"},\"image\":{\"@id\":\"https:\/\/alteuaire.es\/es\/#\/schema\/logo\/image\/\"},\"sameAs\":[\"https:\/\/www.facebook.com\/alteuaire.franquicies\/\",\"https:\/\/x.com\/_alteuaire_\",\"https:\/\/www.instagram.com\/_alteuaire_\/\",\"https:\/\/es.pinterest.com\/alteuaire\/\"]},{\"@type\":\"Person\",\"@id\":\"https:\/\/alteuaire.es\/es\/#\/schema\/person\/2245ce18b7c3324f6d175537ee7a8954\",\"name\":\"Alteuaire\",\"image\":{\"@type\":\"ImageObject\",\"inLanguage\":\"es\",\"@id\":\"https:\/\/alteuaire.es\/es\/#\/schema\/person\/image\/\",\"url\":\"https:\/\/secure.gravatar.com\/avatar\/6d2c390651d511476d9a351e804cab32ee692bad09cf4b64ca83f4ce3f99d33f?s=96&d=mm&r=g\",\"contentUrl\":\"https:\/\/secure.gravatar.com\/avatar\/6d2c390651d511476d9a351e804cab32ee692bad09cf4b64ca83f4ce3f99d33f?s=96&d=mm&r=g\",\"caption\":\"Alteuaire\"},\"url\":\"https:\/\/alteuaire.es\/es\/author\/jon420\/\"}]}<\/script>\n<!-- \/ Yoast SEO plugin. -->","yoast_head_json":{"title":"Promoci\u00f3n Teatro: Una Bruixa a Barcelona - Al teu aire - Espai L\u00fadic i Privat","robots":{"index":"index","follow":"follow","max-snippet":"max-snippet:-1","max-image-preview":"max-image-preview:large","max-video-preview":"max-video-preview:-1"},"canonical":"https:\/\/alteuaire.es\/es\/promociones\/promocion-teatro-una-bruixa-a-barcelona\/","og_locale":"es_ES","og_type":"article","og_title":"Promoci\u00f3n Teatro: Una Bruixa a Barcelona - Al teu aire - Espai L\u00fadic i Privat","og_description":"Una Bruixa a Barcelona Precio especial para clientes de Al Teu Aire La Lucre, una alegre ni\u00f1a cubana, sufre una incre\u00edble Transformaci\u00f3n en llegar a Barcelona; el Cabello se le pinta de mil colores y Comienza a experimentar unos poderes m\u00e1gicos que le eran desconocidos Hasta entonces &#8230; Lucrecia vuelve a los escenarios con 1 [&hellip;]","og_url":"https:\/\/alteuaire.es\/es\/promociones\/promocion-teatro-una-bruixa-a-barcelona\/","og_site_name":"Al teu aire - Espai L\u00fadic i Privat","article_publisher":"https:\/\/www.facebook.com\/alteuaire.franquicies\/","article_published_time":"2016-12-02T11:22:00+00:00","og_image":[{"width":1100,"height":440,"url":"https:\/\/alteuaire.es\/wp-content\/uploads\/2016\/12\/una-bruixa-a-barcelona.jpg","type":"image\/jpeg"}],"author":"Alteuaire","twitter_card":"summary_large_image","twitter_creator":"@_alteuaire_","twitter_site":"@_alteuaire_","twitter_misc":{"Escrito por":"Alteuaire","Tiempo de lectura":"1 minuto"},"schema":{"@context":"https:\/\/schema.org","@graph":[{"@type":"Article","@id":"https:\/\/alteuaire.es\/es\/promociones\/promocion-teatro-una-bruixa-a-barcelona\/#article","isPartOf":{"@id":"https:\/\/alteuaire.es\/es\/promociones\/promocion-teatro-una-bruixa-a-barcelona\/"},"author":{"name":"Alteuaire","@id":"https:\/\/alteuaire.es\/es\/#\/schema\/person\/2245ce18b7c3324f6d175537ee7a8954"},"headline":"Promoci\u00f3n Teatro: Una Bruixa a Barcelona","datePublished":"2016-12-02T11:22:00+00:00","mainEntityOfPage":{"@id":"https:\/\/alteuaire.es\/es\/promociones\/promocion-teatro-una-bruixa-a-barcelona\/"},"wordCount":176,"commentCount":0,"publisher":{"@id":"https:\/\/alteuaire.es\/es\/#organization"},"image":{"@id":"https:\/\/alteuaire.es\/es\/promociones\/promocion-teatro-una-bruixa-a-barcelona\/#primaryimage"},"thumbnailUrl":"https:\/\/alteuaire.es\/wp-content\/uploads\/2016\/12\/una-bruixa-a-barcelona.jpg","keywords":["alteuaire","lucrecia","obras de teatro barcelona","promociones","teatro","teatro victoria"],"articleSection":["promociones","Promociones"],"inLanguage":"es","potentialAction":[{"@type":"CommentAction","name":"Comment","target":["https:\/\/alteuaire.es\/es\/promociones\/promocion-teatro-una-bruixa-a-barcelona\/#respond"]}]},{"@type":"WebPage","@id":"https:\/\/alteuaire.es\/es\/promociones\/promocion-teatro-una-bruixa-a-barcelona\/","url":"https:\/\/alteuaire.es\/es\/promociones\/promocion-teatro-una-bruixa-a-barcelona\/","name":"Promoci\u00f3n Teatro: Una Bruixa a Barcelona - Al teu aire - Espai L\u00fadic i Privat","isPartOf":{"@id":"https:\/\/alteuaire.es\/es\/#website"},"primaryImageOfPage":{"@id":"https:\/\/alteuaire.es\/es\/promociones\/promocion-teatro-una-bruixa-a-barcelona\/#primaryimage"},"image":{"@id":"https:\/\/alteuaire.es\/es\/promociones\/promocion-teatro-una-bruixa-a-barcelona\/#primaryimage"},"thumbnailUrl":"https:\/\/alteuaire.es\/wp-content\/uploads\/2016\/12\/una-bruixa-a-barcelona.jpg","datePublished":"2016-12-02T11:22:00+00:00","breadcrumb":{"@id":"https:\/\/alteuaire.es\/es\/promociones\/promocion-teatro-una-bruixa-a-barcelona\/#breadcrumb"},"inLanguage":"es","potentialAction":[{"@type":"ReadAction","target":["https:\/\/alteuaire.es\/es\/promociones\/promocion-teatro-una-bruixa-a-barcelona\/"]}]},{"@type":"ImageObject","inLanguage":"es","@id":"https:\/\/alteuaire.es\/es\/promociones\/promocion-teatro-una-bruixa-a-barcelona\/#primaryimage","url":"https:\/\/alteuaire.es\/wp-content\/uploads\/2016\/12\/una-bruixa-a-barcelona.jpg","contentUrl":"https:\/\/alteuaire.es\/wp-content\/uploads\/2016\/12\/una-bruixa-a-barcelona.jpg","width":1100,"height":440,"caption":"Una Bruixa a Barcelona"},{"@type":"BreadcrumbList","@id":"https:\/\/alteuaire.es\/es\/promociones\/promocion-teatro-una-bruixa-a-barcelona\/#breadcrumb","itemListElement":[{"@type":"ListItem","position":1,"name":"Inici","item":"https:\/\/alteuaire.es\/es\/"},{"@type":"ListItem","position":2,"name":"Promoci\u00f3n Teatro: Una Bruixa a Barcelona"}]},{"@type":"WebSite","@id":"https:\/\/alteuaire.es\/es\/#website","url":"https:\/\/alteuaire.es\/es\/","name":"Al teu aire - Espai L\u00fadic i Privat","description":"Alteuaire - Sales de festes privades de lloguer per aniversaris infantils y altres celebracions.","publisher":{"@id":"https:\/\/alteuaire.es\/es\/#organization"},"potentialAction":[{"@type":"SearchAction","target":{"@type":"EntryPoint","urlTemplate":"https:\/\/alteuaire.es\/es\/?s={search_term_string}"},"query-input":{"@type":"PropertyValueSpecification","valueRequired":true,"valueName":"search_term_string"}}],"inLanguage":"es"},{"@type":"Organization","@id":"https:\/\/alteuaire.es\/es\/#organization","name":"Alteuaire franquicies - Espai l\u00fadic i privat","url":"https:\/\/alteuaire.es\/es\/","logo":{"@type":"ImageObject","inLanguage":"es","@id":"https:\/\/alteuaire.es\/es\/#\/schema\/logo\/image\/","url":"https:\/\/alteuaire.es\/wp-content\/uploads\/2016\/04\/alteauire.jpg","contentUrl":"https:\/\/alteuaire.es\/wp-content\/uploads\/2016\/04\/alteauire.jpg","width":4606,"height":1920,"caption":"Alteuaire franquicies - Espai l\u00fadic i privat"},"image":{"@id":"https:\/\/alteuaire.es\/es\/#\/schema\/logo\/image\/"},"sameAs":["https:\/\/www.facebook.com\/alteuaire.franquicies\/","https:\/\/x.com\/_alteuaire_","https:\/\/www.instagram.com\/_alteuaire_\/","https:\/\/es.pinterest.com\/alteuaire\/"]},{"@type":"Person","@id":"https:\/\/alteuaire.es\/es\/#\/schema\/person\/2245ce18b7c3324f6d175537ee7a8954","name":"Alteuaire","image":{"@type":"ImageObject","inLanguage":"es","@id":"https:\/\/alteuaire.es\/es\/#\/schema\/person\/image\/","url":"https:\/\/secure.gravatar.com\/avatar\/6d2c390651d511476d9a351e804cab32ee692bad09cf4b64ca83f4ce3f99d33f?s=96&d=mm&r=g","contentUrl":"https:\/\/secure.gravatar.com\/avatar\/6d2c390651d511476d9a351e804cab32ee692bad09cf4b64ca83f4ce3f99d33f?s=96&d=mm&r=g","caption":"Alteuaire"},"url":"https:\/\/alteuaire.es\/es\/author\/jon420\/"}]}},"publishpress_future_action":{"enabled":false,"date":"2026-05-07 01:33:45","action":"change-status","newStatus":"draft","terms":[],"taxonomy":"category","extraData":[]},"publishpress_future_workflow_manual_trigger":{"enabledWorkflows":[]},"_links":{"self":[{"href":"https:\/\/alteuaire.es\/es\/wp-json\/wp\/v2\/posts\/3398","targetHints":{"allow":["GET"]}}],"collection":[{"href":"https:\/\/alteuaire.es\/es\/wp-json\/wp\/v2\/posts"}],"about":[{"href":"https:\/\/alteuaire.es\/es\/wp-json\/wp\/v2\/types\/post"}],"author":[{"embeddable":true,"href":"https:\/\/alteuaire.es\/es\/wp-json\/wp\/v2\/users\/1"}],"replies":[{"embeddable":true,"href":"https:\/\/alteuaire.es\/es\/wp-json\/wp\/v2\/comments?post=3398"}],"version-history":[{"count":0,"href":"https:\/\/alteuaire.es\/es\/wp-json\/wp\/v2\/posts\/3398\/revisions"}],"wp:featuredmedia":[{"embeddable":true,"href":"https:\/\/alteuaire.es\/es\/wp-json\/wp\/v2\/media\/3396"}],"wp:attachment":[{"href":"https:\/\/alteuaire.es\/es\/wp-json\/wp\/v2\/media?parent=3398"}],"wp:term":[{"taxonomy":"category","embeddable":true,"href":"https:\/\/alteuaire.es\/es\/wp-json\/wp\/v2\/categories?post=3398"},{"taxonomy":"post_tag","embeddable":true,"href":"https:\/\/alteuaire.es\/es\/wp-json\/wp\/v2\/tags?post=3398"}],"curies":[{"name":"wp","href":"https:\/\/api.w.org\/{rel}","templated":true}]}}