{"id":3832,"date":"2017-03-10T11:23:27","date_gmt":"2017-03-10T10:23:27","guid":{"rendered":"https:\/\/alteuaire.es\/es\/?p=3832"},"modified":"2017-03-10T11:23:27","modified_gmt":"2017-03-10T10:23:27","slug":"grabacion-programa-tv3-bogeria-pastisseria-alteuaire","status":"publish","type":"post","link":"https:\/\/alteuaire.es\/es\/blog-es\/grabacion-programa-tv3-bogeria-pastisseria-alteuaire\/","title":{"rendered":"Grabaci\u00f3n del programa de tv3 bogeria a la pastisseria en Alteuaire"},"content":{"rendered":"<h2>Bogeria a la Pastisseria realiza un pastel\u00a0muy dulce y\u00a0emotivo en Al Teu Aire<\/h2>\n<p>El pasado 22 de febrero, se emiti\u00f3 por tv3 Bogeria a la Pastisseria, el programa dedicado a la pasteler\u00eda, donde cada mi\u00e9rcoles el maestro pastelero\u00a0Christian Escrib\u00e0 y su equipo, se esfuerzan en crear un pastel \u00fanico a medida inspirado en el protagonista del programa.<\/p>\n<p>Los protagonistas de este pastel, escogieron nuestra sala Leiva en el barrio de Sants de Barcelona para hacer entrega del pastel tem\u00e1tico. En esta ocasi\u00f3n realizaron un pastel de cumplea\u00f1os para una persona invidente.<br \/>\nNuestra sala fue el decorado escogido para celebrar una fiesta muy especial. Una persona invidente, sorprendi\u00f3 a su pareja tambi\u00e9n invidente, con un pastel que simbolizaba todo lo que era importante para la protagonista.<\/p>\n<p>&nbsp;<\/p>\n<p><img loading=\"lazy\" decoding=\"async\" class=\"size-large wp-image-3823\" src=\"https:\/\/alteuaire.es\/wp-content\/uploads\/2017\/03\/pastisseriatv3-1024x576.jpg\" alt=\"pastisseriatv3\" width=\"1024\" height=\"576\" srcset=\"https:\/\/alteuaire.es\/wp-content\/uploads\/2017\/03\/pastisseriatv3-1024x576.jpg 1024w, https:\/\/alteuaire.es\/wp-content\/uploads\/2017\/03\/pastisseriatv3-300x169.jpg 300w, https:\/\/alteuaire.es\/wp-content\/uploads\/2017\/03\/pastisseriatv3-330x186.jpg 330w, https:\/\/alteuaire.es\/wp-content\/uploads\/2017\/03\/pastisseriatv3-400x225.jpg 400w, https:\/\/alteuaire.es\/wp-content\/uploads\/2017\/03\/pastisseriatv3-800x450.jpg 800w, https:\/\/alteuaire.es\/wp-content\/uploads\/2017\/03\/pastisseriatv3.jpg 1500w\" sizes=\"auto, (max-width: 1024px) 100vw, 1024px\" \/><\/p>\n<p><img loading=\"lazy\" decoding=\"async\" class=\"size-large wp-image-3826\" src=\"https:\/\/alteuaire.es\/wp-content\/uploads\/2017\/03\/lloguer-de-locals-per-festes-1024x576.jpg\" alt=\"lloguer de locals per festes\" width=\"1024\" height=\"576\" srcset=\"https:\/\/alteuaire.es\/wp-content\/uploads\/2017\/03\/lloguer-de-locals-per-festes-1024x576.jpg 1024w, https:\/\/alteuaire.es\/wp-content\/uploads\/2017\/03\/lloguer-de-locals-per-festes-300x169.jpg 300w, https:\/\/alteuaire.es\/wp-content\/uploads\/2017\/03\/lloguer-de-locals-per-festes-330x186.jpg 330w, https:\/\/alteuaire.es\/wp-content\/uploads\/2017\/03\/lloguer-de-locals-per-festes-400x225.jpg 400w, https:\/\/alteuaire.es\/wp-content\/uploads\/2017\/03\/lloguer-de-locals-per-festes-800x450.jpg 800w, https:\/\/alteuaire.es\/wp-content\/uploads\/2017\/03\/lloguer-de-locals-per-festes.jpg 1920w\" sizes=\"auto, (max-width: 1024px) 100vw, 1024px\" \/><\/p>\n<p>A continuaci\u00f3n pod\u00e9is ver el v\u00eddeo del capitulo completo\u00a0de Bogeria a la Pastisseria<br \/>\n<iframe loading=\"lazy\" src=\"http:\/\/www.ccma.cat\/video\/embed\/5652224\" width=\"500px\" height=\"281px\" frameborder=\"0\" scrolling=\"no\" allowfullscreen=\"allowfullscreen\"><\/iframe><\/p>\n","protected":false},"excerpt":{"rendered":"<p>Bogeria a la Pastisseria realiza un pastel\u00a0muy dulce y\u00a0emotivo en Al Teu Aire El pasado 22 de febrero, se emiti\u00f3 por tv3 Bogeria a la Pastisseria, el programa dedicado a la pasteler\u00eda, donde cada mi\u00e9rcoles el maestro pastelero\u00a0Christian Escrib\u00e0 y su equipo, se esfuerzan en crear un pastel \u00fanico a medida inspirado en el protagonista [&hellip;]<\/p>\n","protected":false},"author":1,"featured_media":3819,"comment_status":"open","ping_status":"open","sticky":false,"template":"","format":"standard","meta":{"_acf_changed":false,"footnotes":""},"categories":[52],"tags":[32,101,87,102,103,62],"class_list":["post-3832","post","type-post","status-publish","format-standard","has-post-thumbnail","hentry","category-blog-es","tag-alteuaire-es","tag-bogeria-a-la-pastisseria","tag-local-para-fiestas","tag-programa","tag-tv","tag-tv3"],"acf":[],"yoast_head":"<!-- This site is optimized with the Yoast SEO plugin v26.8 - https:\/\/yoast.com\/product\/yoast-seo-wordpress\/ -->\n<title>Grabaci\u00f3n del programa de tv3 bogeria a la pastisseria en Alteuaire - Al teu aire - Espai L\u00fadic i Privat<\/title>\n<meta name=\"description\" content=\"Al Teu Aire recibi\u00f3 la visita del programa de tv3 Bogeria a la Pastisseria. El maestro Christian Escrib\u00e0, realiz\u00f3 un pastel para una persona invidente.\" \/>\n<meta name=\"robots\" content=\"index, follow, max-snippet:-1, max-image-preview:large, max-video-preview:-1\" \/>\n<link rel=\"canonical\" href=\"https:\/\/alteuaire.es\/es\/blog-es\/grabacion-programa-tv3-bogeria-pastisseria-alteuaire\/\" \/>\n<meta property=\"og:locale\" content=\"es_ES\" \/>\n<meta property=\"og:type\" content=\"article\" \/>\n<meta property=\"og:title\" content=\"Grabaci\u00f3n del programa de tv3 bogeria a la pastisseria en Alteuaire - Al teu aire - Espai L\u00fadic i Privat\" \/>\n<meta property=\"og:description\" content=\"Al Teu Aire recibi\u00f3 la visita del programa de tv3 Bogeria a la Pastisseria. El maestro Christian Escrib\u00e0, realiz\u00f3 un pastel para una persona invidente.\" \/>\n<meta property=\"og:url\" content=\"https:\/\/alteuaire.es\/es\/blog-es\/grabacion-programa-tv3-bogeria-pastisseria-alteuaire\/\" \/>\n<meta property=\"og:site_name\" content=\"Al teu aire - Espai L\u00fadic i Privat\" \/>\n<meta property=\"article:publisher\" content=\"https:\/\/www.facebook.com\/alteuaire.franquicies\/\" \/>\n<meta property=\"article:published_time\" content=\"2017-03-10T10:23:27+00:00\" \/>\n<meta property=\"og:image\" content=\"https:\/\/alteuaire.es\/wp-content\/uploads\/2017\/03\/bogeria-a-la-pastisseria.jpg\" \/>\n\t<meta property=\"og:image:width\" content=\"1920\" \/>\n\t<meta property=\"og:image:height\" content=\"1080\" \/>\n\t<meta property=\"og:image:type\" content=\"image\/jpeg\" \/>\n<meta name=\"author\" content=\"Alteuaire\" \/>\n<meta name=\"twitter:card\" content=\"summary_large_image\" \/>\n<meta name=\"twitter:creator\" content=\"@_alteuaire_\" \/>\n<meta name=\"twitter:site\" content=\"@_alteuaire_\" \/>\n<meta name=\"twitter:label1\" content=\"Escrito por\" \/>\n\t<meta name=\"twitter:data1\" content=\"Alteuaire\" \/>\n\t<meta name=\"twitter:label2\" content=\"Tiempo de lectura\" \/>\n\t<meta name=\"twitter:data2\" content=\"1 minuto\" \/>\n<script type=\"application\/ld+json\" class=\"yoast-schema-graph\">{\"@context\":\"https:\/\/schema.org\",\"@graph\":[{\"@type\":\"Article\",\"@id\":\"https:\/\/alteuaire.es\/es\/blog-es\/grabacion-programa-tv3-bogeria-pastisseria-alteuaire\/#article\",\"isPartOf\":{\"@id\":\"https:\/\/alteuaire.es\/es\/blog-es\/grabacion-programa-tv3-bogeria-pastisseria-alteuaire\/\"},\"author\":{\"name\":\"Alteuaire\",\"@id\":\"https:\/\/alteuaire.es\/es\/#\/schema\/person\/2245ce18b7c3324f6d175537ee7a8954\"},\"headline\":\"Grabaci\u00f3n del programa de tv3 bogeria a la pastisseria en Alteuaire\",\"datePublished\":\"2017-03-10T10:23:27+00:00\",\"mainEntityOfPage\":{\"@id\":\"https:\/\/alteuaire.es\/es\/blog-es\/grabacion-programa-tv3-bogeria-pastisseria-alteuaire\/\"},\"wordCount\":163,\"commentCount\":0,\"publisher\":{\"@id\":\"https:\/\/alteuaire.es\/es\/#organization\"},\"image\":{\"@id\":\"https:\/\/alteuaire.es\/es\/blog-es\/grabacion-programa-tv3-bogeria-pastisseria-alteuaire\/#primaryimage\"},\"thumbnailUrl\":\"https:\/\/alteuaire.es\/wp-content\/uploads\/2017\/03\/bogeria-a-la-pastisseria.jpg\",\"keywords\":[\"alteuaire\",\"bogeria a la pastisseria\",\"local para fiestas\",\"programa\",\"tv\",\"tv3\"],\"articleSection\":[\"blog\"],\"inLanguage\":\"es\",\"potentialAction\":[{\"@type\":\"CommentAction\",\"name\":\"Comment\",\"target\":[\"https:\/\/alteuaire.es\/es\/blog-es\/grabacion-programa-tv3-bogeria-pastisseria-alteuaire\/#respond\"]}]},{\"@type\":\"WebPage\",\"@id\":\"https:\/\/alteuaire.es\/es\/blog-es\/grabacion-programa-tv3-bogeria-pastisseria-alteuaire\/\",\"url\":\"https:\/\/alteuaire.es\/es\/blog-es\/grabacion-programa-tv3-bogeria-pastisseria-alteuaire\/\",\"name\":\"Grabaci\u00f3n del programa de tv3 bogeria a la pastisseria en Alteuaire - Al teu aire - Espai L\u00fadic i Privat\",\"isPartOf\":{\"@id\":\"https:\/\/alteuaire.es\/es\/#website\"},\"primaryImageOfPage\":{\"@id\":\"https:\/\/alteuaire.es\/es\/blog-es\/grabacion-programa-tv3-bogeria-pastisseria-alteuaire\/#primaryimage\"},\"image\":{\"@id\":\"https:\/\/alteuaire.es\/es\/blog-es\/grabacion-programa-tv3-bogeria-pastisseria-alteuaire\/#primaryimage\"},\"thumbnailUrl\":\"https:\/\/alteuaire.es\/wp-content\/uploads\/2017\/03\/bogeria-a-la-pastisseria.jpg\",\"datePublished\":\"2017-03-10T10:23:27+00:00\",\"description\":\"Al Teu Aire recibi\u00f3 la visita del programa de tv3 Bogeria a la Pastisseria. El maestro Christian Escrib\u00e0, realiz\u00f3 un pastel para una persona invidente.\",\"breadcrumb\":{\"@id\":\"https:\/\/alteuaire.es\/es\/blog-es\/grabacion-programa-tv3-bogeria-pastisseria-alteuaire\/#breadcrumb\"},\"inLanguage\":\"es\",\"potentialAction\":[{\"@type\":\"ReadAction\",\"target\":[\"https:\/\/alteuaire.es\/es\/blog-es\/grabacion-programa-tv3-bogeria-pastisseria-alteuaire\/\"]}]},{\"@type\":\"ImageObject\",\"inLanguage\":\"es\",\"@id\":\"https:\/\/alteuaire.es\/es\/blog-es\/grabacion-programa-tv3-bogeria-pastisseria-alteuaire\/#primaryimage\",\"url\":\"https:\/\/alteuaire.es\/wp-content\/uploads\/2017\/03\/bogeria-a-la-pastisseria.jpg\",\"contentUrl\":\"https:\/\/alteuaire.es\/wp-content\/uploads\/2017\/03\/bogeria-a-la-pastisseria.jpg\",\"width\":1920,\"height\":1080,\"caption\":\"bogeria a la pastisseria\"},{\"@type\":\"BreadcrumbList\",\"@id\":\"https:\/\/alteuaire.es\/es\/blog-es\/grabacion-programa-tv3-bogeria-pastisseria-alteuaire\/#breadcrumb\",\"itemListElement\":[{\"@type\":\"ListItem\",\"position\":1,\"name\":\"Inici\",\"item\":\"https:\/\/alteuaire.es\/es\/\"},{\"@type\":\"ListItem\",\"position\":2,\"name\":\"Grabaci\u00f3n del programa de tv3 bogeria a la pastisseria en Alteuaire\"}]},{\"@type\":\"WebSite\",\"@id\":\"https:\/\/alteuaire.es\/es\/#website\",\"url\":\"https:\/\/alteuaire.es\/es\/\",\"name\":\"Al teu aire - Espai L\u00fadic i Privat\",\"description\":\"Alteuaire - Sales de festes privades de lloguer per aniversaris infantils y altres celebracions.\",\"publisher\":{\"@id\":\"https:\/\/alteuaire.es\/es\/#organization\"},\"potentialAction\":[{\"@type\":\"SearchAction\",\"target\":{\"@type\":\"EntryPoint\",\"urlTemplate\":\"https:\/\/alteuaire.es\/es\/?s={search_term_string}\"},\"query-input\":{\"@type\":\"PropertyValueSpecification\",\"valueRequired\":true,\"valueName\":\"search_term_string\"}}],\"inLanguage\":\"es\"},{\"@type\":\"Organization\",\"@id\":\"https:\/\/alteuaire.es\/es\/#organization\",\"name\":\"Alteuaire franquicies - Espai l\u00fadic i privat\",\"url\":\"https:\/\/alteuaire.es\/es\/\",\"logo\":{\"@type\":\"ImageObject\",\"inLanguage\":\"es\",\"@id\":\"https:\/\/alteuaire.es\/es\/#\/schema\/logo\/image\/\",\"url\":\"https:\/\/alteuaire.es\/wp-content\/uploads\/2016\/04\/alteauire.jpg\",\"contentUrl\":\"https:\/\/alteuaire.es\/wp-content\/uploads\/2016\/04\/alteauire.jpg\",\"width\":4606,\"height\":1920,\"caption\":\"Alteuaire franquicies - Espai l\u00fadic i privat\"},\"image\":{\"@id\":\"https:\/\/alteuaire.es\/es\/#\/schema\/logo\/image\/\"},\"sameAs\":[\"https:\/\/www.facebook.com\/alteuaire.franquicies\/\",\"https:\/\/x.com\/_alteuaire_\",\"https:\/\/www.instagram.com\/_alteuaire_\/\",\"https:\/\/es.pinterest.com\/alteuaire\/\"]},{\"@type\":\"Person\",\"@id\":\"https:\/\/alteuaire.es\/es\/#\/schema\/person\/2245ce18b7c3324f6d175537ee7a8954\",\"name\":\"Alteuaire\",\"image\":{\"@type\":\"ImageObject\",\"inLanguage\":\"es\",\"@id\":\"https:\/\/alteuaire.es\/es\/#\/schema\/person\/image\/\",\"url\":\"https:\/\/secure.gravatar.com\/avatar\/6d2c390651d511476d9a351e804cab32ee692bad09cf4b64ca83f4ce3f99d33f?s=96&d=mm&r=g\",\"contentUrl\":\"https:\/\/secure.gravatar.com\/avatar\/6d2c390651d511476d9a351e804cab32ee692bad09cf4b64ca83f4ce3f99d33f?s=96&d=mm&r=g\",\"caption\":\"Alteuaire\"},\"url\":\"https:\/\/alteuaire.es\/es\/author\/jon420\/\"}]}<\/script>\n<!-- \/ Yoast SEO plugin. -->","yoast_head_json":{"title":"Grabaci\u00f3n del programa de tv3 bogeria a la pastisseria en Alteuaire - Al teu aire - Espai L\u00fadic i Privat","description":"Al Teu Aire recibi\u00f3 la visita del programa de tv3 Bogeria a la Pastisseria. El maestro Christian Escrib\u00e0, realiz\u00f3 un pastel para una persona invidente.","robots":{"index":"index","follow":"follow","max-snippet":"max-snippet:-1","max-image-preview":"max-image-preview:large","max-video-preview":"max-video-preview:-1"},"canonical":"https:\/\/alteuaire.es\/es\/blog-es\/grabacion-programa-tv3-bogeria-pastisseria-alteuaire\/","og_locale":"es_ES","og_type":"article","og_title":"Grabaci\u00f3n del programa de tv3 bogeria a la pastisseria en Alteuaire - Al teu aire - Espai L\u00fadic i Privat","og_description":"Al Teu Aire recibi\u00f3 la visita del programa de tv3 Bogeria a la Pastisseria. El maestro Christian Escrib\u00e0, realiz\u00f3 un pastel para una persona invidente.","og_url":"https:\/\/alteuaire.es\/es\/blog-es\/grabacion-programa-tv3-bogeria-pastisseria-alteuaire\/","og_site_name":"Al teu aire - Espai L\u00fadic i Privat","article_publisher":"https:\/\/www.facebook.com\/alteuaire.franquicies\/","article_published_time":"2017-03-10T10:23:27+00:00","og_image":[{"width":1920,"height":1080,"url":"https:\/\/alteuaire.es\/wp-content\/uploads\/2017\/03\/bogeria-a-la-pastisseria.jpg","type":"image\/jpeg"}],"author":"Alteuaire","twitter_card":"summary_large_image","twitter_creator":"@_alteuaire_","twitter_site":"@_alteuaire_","twitter_misc":{"Escrito por":"Alteuaire","Tiempo de lectura":"1 minuto"},"schema":{"@context":"https:\/\/schema.org","@graph":[{"@type":"Article","@id":"https:\/\/alteuaire.es\/es\/blog-es\/grabacion-programa-tv3-bogeria-pastisseria-alteuaire\/#article","isPartOf":{"@id":"https:\/\/alteuaire.es\/es\/blog-es\/grabacion-programa-tv3-bogeria-pastisseria-alteuaire\/"},"author":{"name":"Alteuaire","@id":"https:\/\/alteuaire.es\/es\/#\/schema\/person\/2245ce18b7c3324f6d175537ee7a8954"},"headline":"Grabaci\u00f3n del programa de tv3 bogeria a la pastisseria en Alteuaire","datePublished":"2017-03-10T10:23:27+00:00","mainEntityOfPage":{"@id":"https:\/\/alteuaire.es\/es\/blog-es\/grabacion-programa-tv3-bogeria-pastisseria-alteuaire\/"},"wordCount":163,"commentCount":0,"publisher":{"@id":"https:\/\/alteuaire.es\/es\/#organization"},"image":{"@id":"https:\/\/alteuaire.es\/es\/blog-es\/grabacion-programa-tv3-bogeria-pastisseria-alteuaire\/#primaryimage"},"thumbnailUrl":"https:\/\/alteuaire.es\/wp-content\/uploads\/2017\/03\/bogeria-a-la-pastisseria.jpg","keywords":["alteuaire","bogeria a la pastisseria","local para fiestas","programa","tv","tv3"],"articleSection":["blog"],"inLanguage":"es","potentialAction":[{"@type":"CommentAction","name":"Comment","target":["https:\/\/alteuaire.es\/es\/blog-es\/grabacion-programa-tv3-bogeria-pastisseria-alteuaire\/#respond"]}]},{"@type":"WebPage","@id":"https:\/\/alteuaire.es\/es\/blog-es\/grabacion-programa-tv3-bogeria-pastisseria-alteuaire\/","url":"https:\/\/alteuaire.es\/es\/blog-es\/grabacion-programa-tv3-bogeria-pastisseria-alteuaire\/","name":"Grabaci\u00f3n del programa de tv3 bogeria a la pastisseria en Alteuaire - Al teu aire - Espai L\u00fadic i Privat","isPartOf":{"@id":"https:\/\/alteuaire.es\/es\/#website"},"primaryImageOfPage":{"@id":"https:\/\/alteuaire.es\/es\/blog-es\/grabacion-programa-tv3-bogeria-pastisseria-alteuaire\/#primaryimage"},"image":{"@id":"https:\/\/alteuaire.es\/es\/blog-es\/grabacion-programa-tv3-bogeria-pastisseria-alteuaire\/#primaryimage"},"thumbnailUrl":"https:\/\/alteuaire.es\/wp-content\/uploads\/2017\/03\/bogeria-a-la-pastisseria.jpg","datePublished":"2017-03-10T10:23:27+00:00","description":"Al Teu Aire recibi\u00f3 la visita del programa de tv3 Bogeria a la Pastisseria. El maestro Christian Escrib\u00e0, realiz\u00f3 un pastel para una persona invidente.","breadcrumb":{"@id":"https:\/\/alteuaire.es\/es\/blog-es\/grabacion-programa-tv3-bogeria-pastisseria-alteuaire\/#breadcrumb"},"inLanguage":"es","potentialAction":[{"@type":"ReadAction","target":["https:\/\/alteuaire.es\/es\/blog-es\/grabacion-programa-tv3-bogeria-pastisseria-alteuaire\/"]}]},{"@type":"ImageObject","inLanguage":"es","@id":"https:\/\/alteuaire.es\/es\/blog-es\/grabacion-programa-tv3-bogeria-pastisseria-alteuaire\/#primaryimage","url":"https:\/\/alteuaire.es\/wp-content\/uploads\/2017\/03\/bogeria-a-la-pastisseria.jpg","contentUrl":"https:\/\/alteuaire.es\/wp-content\/uploads\/2017\/03\/bogeria-a-la-pastisseria.jpg","width":1920,"height":1080,"caption":"bogeria a la pastisseria"},{"@type":"BreadcrumbList","@id":"https:\/\/alteuaire.es\/es\/blog-es\/grabacion-programa-tv3-bogeria-pastisseria-alteuaire\/#breadcrumb","itemListElement":[{"@type":"ListItem","position":1,"name":"Inici","item":"https:\/\/alteuaire.es\/es\/"},{"@type":"ListItem","position":2,"name":"Grabaci\u00f3n del programa de tv3 bogeria a la pastisseria en Alteuaire"}]},{"@type":"WebSite","@id":"https:\/\/alteuaire.es\/es\/#website","url":"https:\/\/alteuaire.es\/es\/","name":"Al teu aire - Espai L\u00fadic i Privat","description":"Alteuaire - Sales de festes privades de lloguer per aniversaris infantils y altres celebracions.","publisher":{"@id":"https:\/\/alteuaire.es\/es\/#organization"},"potentialAction":[{"@type":"SearchAction","target":{"@type":"EntryPoint","urlTemplate":"https:\/\/alteuaire.es\/es\/?s={search_term_string}"},"query-input":{"@type":"PropertyValueSpecification","valueRequired":true,"valueName":"search_term_string"}}],"inLanguage":"es"},{"@type":"Organization","@id":"https:\/\/alteuaire.es\/es\/#organization","name":"Alteuaire franquicies - Espai l\u00fadic i privat","url":"https:\/\/alteuaire.es\/es\/","logo":{"@type":"ImageObject","inLanguage":"es","@id":"https:\/\/alteuaire.es\/es\/#\/schema\/logo\/image\/","url":"https:\/\/alteuaire.es\/wp-content\/uploads\/2016\/04\/alteauire.jpg","contentUrl":"https:\/\/alteuaire.es\/wp-content\/uploads\/2016\/04\/alteauire.jpg","width":4606,"height":1920,"caption":"Alteuaire franquicies - Espai l\u00fadic i privat"},"image":{"@id":"https:\/\/alteuaire.es\/es\/#\/schema\/logo\/image\/"},"sameAs":["https:\/\/www.facebook.com\/alteuaire.franquicies\/","https:\/\/x.com\/_alteuaire_","https:\/\/www.instagram.com\/_alteuaire_\/","https:\/\/es.pinterest.com\/alteuaire\/"]},{"@type":"Person","@id":"https:\/\/alteuaire.es\/es\/#\/schema\/person\/2245ce18b7c3324f6d175537ee7a8954","name":"Alteuaire","image":{"@type":"ImageObject","inLanguage":"es","@id":"https:\/\/alteuaire.es\/es\/#\/schema\/person\/image\/","url":"https:\/\/secure.gravatar.com\/avatar\/6d2c390651d511476d9a351e804cab32ee692bad09cf4b64ca83f4ce3f99d33f?s=96&d=mm&r=g","contentUrl":"https:\/\/secure.gravatar.com\/avatar\/6d2c390651d511476d9a351e804cab32ee692bad09cf4b64ca83f4ce3f99d33f?s=96&d=mm&r=g","caption":"Alteuaire"},"url":"https:\/\/alteuaire.es\/es\/author\/jon420\/"}]}},"publishpress_future_action":{"enabled":false,"date":"2026-05-06 23:02:29","action":"change-status","newStatus":"draft","terms":[],"taxonomy":"category","extraData":[]},"publishpress_future_workflow_manual_trigger":{"enabledWorkflows":[]},"_links":{"self":[{"href":"https:\/\/alteuaire.es\/es\/wp-json\/wp\/v2\/posts\/3832","targetHints":{"allow":["GET"]}}],"collection":[{"href":"https:\/\/alteuaire.es\/es\/wp-json\/wp\/v2\/posts"}],"about":[{"href":"https:\/\/alteuaire.es\/es\/wp-json\/wp\/v2\/types\/post"}],"author":[{"embeddable":true,"href":"https:\/\/alteuaire.es\/es\/wp-json\/wp\/v2\/users\/1"}],"replies":[{"embeddable":true,"href":"https:\/\/alteuaire.es\/es\/wp-json\/wp\/v2\/comments?post=3832"}],"version-history":[{"count":0,"href":"https:\/\/alteuaire.es\/es\/wp-json\/wp\/v2\/posts\/3832\/revisions"}],"wp:featuredmedia":[{"embeddable":true,"href":"https:\/\/alteuaire.es\/es\/wp-json\/wp\/v2\/media\/3819"}],"wp:attachment":[{"href":"https:\/\/alteuaire.es\/es\/wp-json\/wp\/v2\/media?parent=3832"}],"wp:term":[{"taxonomy":"category","embeddable":true,"href":"https:\/\/alteuaire.es\/es\/wp-json\/wp\/v2\/categories?post=3832"},{"taxonomy":"post_tag","embeddable":true,"href":"https:\/\/alteuaire.es\/es\/wp-json\/wp\/v2\/tags?post=3832"}],"curies":[{"name":"wp","href":"https:\/\/api.w.org\/{rel}","templated":true}]}}