{"id":4358,"date":"2017-10-18T11:12:38","date_gmt":"2017-10-18T10:12:38","guid":{"rendered":"https:\/\/alteuaire.es\/es\/?p=4358"},"modified":"2017-10-18T11:12:38","modified_gmt":"2017-10-18T10:12:38","slug":"festa-dels-supers-2017","status":"publish","type":"post","link":"https:\/\/alteuaire.es\/es\/blog-es\/festa-dels-supers-2017\/","title":{"rendered":"Festa dels S\u00fapers 2017"},"content":{"rendered":"<h2>Un a\u00f1o m\u00e1s volvemos a la Fiesta Infantil m\u00e1s grande de Europa<\/h2>\n<p>Los Pr\u00f3ximos 21 y 22 de Octubre se celebra la Festa dels S\u00fapers en\u00a0l&#8217;Anella\u00a0Ol\u00edmpica de Montju\u00efc, un evento multitudinario donde es reencuentran cada a\u00f1o miles de S\u00fapers.<br \/>\nEn\u00a0esta edici\u00f3n Al Teu Aire vuelve a estar presente por segundo a\u00f1o consecutivo en un Stand donde realizaremos actividades\u00a0muy divertidas:<\/p>\n<p>-Creaci\u00f3n de llaveros personalizados<\/p>\n<p>-Xapes personalizadas<\/p>\n<p>-Sorteo del alquiler de una Sala para 1 fiesta Infantil<\/p>\n<p>Y entrega de\u00a0muchos obsequios!<\/p>\n<p><img loading=\"lazy\" decoding=\"async\" class=\"wp-image-4351 size-large\" src=\"https:\/\/alteuaire.es\/wp-content\/uploads\/2017\/10\/7-1024x576.jpg\" alt=\"festa dels supers\" width=\"1024\" height=\"576\" srcset=\"https:\/\/alteuaire.es\/wp-content\/uploads\/2017\/10\/7-1024x576.jpg 1024w, https:\/\/alteuaire.es\/wp-content\/uploads\/2017\/10\/7-300x169.jpg 300w, https:\/\/alteuaire.es\/wp-content\/uploads\/2017\/10\/7.jpg 1600w\" sizes=\"auto, (max-width: 1024px) 100vw, 1024px\" \/><\/p>\n<p><img loading=\"lazy\" decoding=\"async\" class=\"alignnone wp-image-4356 size-large\" src=\"https:\/\/alteuaire.es\/wp-content\/uploads\/2017\/10\/6-1024x576.jpg\" alt=\"festa s\u00fapers 2017\" width=\"1024\" height=\"576\" srcset=\"https:\/\/alteuaire.es\/wp-content\/uploads\/2017\/10\/6-1024x576.jpg 1024w, https:\/\/alteuaire.es\/wp-content\/uploads\/2017\/10\/6-300x169.jpg 300w, https:\/\/alteuaire.es\/wp-content\/uploads\/2017\/10\/6.jpg 1600w\" sizes=\"auto, (max-width: 1024px) 100vw, 1024px\" \/><\/p>\n<h4>SORTEO DEL ALQUILER DE UNA SALA PARA UNA FIESTA DE CUMPLEA\u00d1OS INFANTIL<\/h4>\n<p>Todos los ni\u00f1os y ni\u00f1as que visiten nuestro Stand podr\u00e1n participar en el sorteo del alquiler de una sala para una fiesta de cumplea\u00f1os *.<br \/>\nPara participar s\u00f3lo tendr\u00e1s que hacer una foto a nuestro Stand y colgarla en Instagram con el hastag #Alteuaire y hacerte seguidor de @_Alteuaire_.<\/p>\n<h4>CONDICIONS DEL SORTEIG A INSTAGRAM:<\/h4>\n<p>* Para participar en el sorteo se deben cumplir las siguientes condiciones:<br \/>\nHacer una fotograf\u00eda en nuestro Stand y colgarla\u00a0en Instagram con el hastag #Alteuaire y hacerte seguidor de @_Alteuaire_.<br \/>\n* Todas las im\u00e1genes se deben realizar en nuestro Stand.<\/p>\n<p>Entre todas las im\u00e1genes se sortear\u00e1 el alquiler de una Sala para una Fiesta de Cumplea\u00f1os Infantil, en horario de ma\u00f1ana o tarde de lunes a domingo, siempre sujeta a disponibilidad, en cualquiera de las 41 salas de Al teu Aire.<\/p>\n<p>El sorteo se realizar\u00e1 el 3 de Noviembre.<\/p>\n","protected":false},"excerpt":{"rendered":"<p>Un a\u00f1o m\u00e1s volvemos a la Fiesta Infantil m\u00e1s grande de Europa Los Pr\u00f3ximos 21 y 22 de Octubre se celebra la Festa dels S\u00fapers en\u00a0l&#8217;Anella\u00a0Ol\u00edmpica de Montju\u00efc, un evento multitudinario donde es reencuentran cada a\u00f1o miles de S\u00fapers. En\u00a0esta edici\u00f3n Al Teu Aire vuelve a estar presente por segundo a\u00f1o consecutivo en un Stand [&hellip;]<\/p>\n","protected":false},"author":1,"featured_media":4352,"comment_status":"open","ping_status":"open","sticky":false,"template":"","format":"standard","meta":{"_acf_changed":false,"footnotes":""},"categories":[52],"tags":[30,34,119,116,57,117,56,118,55],"class_list":["post-4358","post","type-post","status-publish","format-standard","has-post-thumbnail","hentry","category-blog-es","tag-celebracions","tag-celebracions-es","tag-fiestadelssupers","tag-instagram-es","tag-instagram","tag-sorteig-es","tag-sorteig","tag-super3-es","tag-super3"],"acf":[],"yoast_head":"<!-- This site is optimized with the Yoast SEO plugin v26.8 - https:\/\/yoast.com\/product\/yoast-seo-wordpress\/ -->\n<title>Festa dels S\u00fapers 2017 - Al teu aire - Espai L\u00fadic i Privat<\/title>\n<meta name=\"robots\" content=\"index, follow, max-snippet:-1, max-image-preview:large, max-video-preview:-1\" \/>\n<link rel=\"canonical\" href=\"https:\/\/alteuaire.es\/es\/blog-es\/festa-dels-supers-2017\/\" \/>\n<meta property=\"og:locale\" content=\"es_ES\" \/>\n<meta property=\"og:type\" content=\"article\" \/>\n<meta property=\"og:title\" content=\"Festa dels S\u00fapers 2017 - Al teu aire - Espai L\u00fadic i Privat\" \/>\n<meta property=\"og:description\" content=\"Un a\u00f1o m\u00e1s volvemos a la Fiesta Infantil m\u00e1s grande de Europa Los Pr\u00f3ximos 21 y 22 de Octubre se celebra la Festa dels S\u00fapers en\u00a0l&#8217;Anella\u00a0Ol\u00edmpica de Montju\u00efc, un evento multitudinario donde es reencuentran cada a\u00f1o miles de S\u00fapers. En\u00a0esta edici\u00f3n Al Teu Aire vuelve a estar presente por segundo a\u00f1o consecutivo en un Stand [&hellip;]\" \/>\n<meta property=\"og:url\" content=\"https:\/\/alteuaire.es\/es\/blog-es\/festa-dels-supers-2017\/\" \/>\n<meta property=\"og:site_name\" content=\"Al teu aire - Espai L\u00fadic i Privat\" \/>\n<meta property=\"article:publisher\" content=\"https:\/\/www.facebook.com\/alteuaire.franquicies\/\" \/>\n<meta property=\"article:published_time\" content=\"2017-10-18T10:12:38+00:00\" \/>\n<meta property=\"og:image\" content=\"https:\/\/alteuaire.es\/wp-content\/uploads\/2017\/10\/5.jpg\" \/>\n\t<meta property=\"og:image:width\" content=\"1600\" \/>\n\t<meta property=\"og:image:height\" content=\"900\" \/>\n\t<meta property=\"og:image:type\" content=\"image\/jpeg\" \/>\n<meta name=\"author\" content=\"Alteuaire\" \/>\n<meta name=\"twitter:card\" content=\"summary_large_image\" \/>\n<meta name=\"twitter:creator\" content=\"@_alteuaire_\" \/>\n<meta name=\"twitter:site\" content=\"@_alteuaire_\" \/>\n<meta name=\"twitter:label1\" content=\"Escrito por\" \/>\n\t<meta name=\"twitter:data1\" content=\"Alteuaire\" \/>\n\t<meta name=\"twitter:label2\" content=\"Tiempo de lectura\" \/>\n\t<meta name=\"twitter:data2\" content=\"1 minuto\" \/>\n<script type=\"application\/ld+json\" class=\"yoast-schema-graph\">{\"@context\":\"https:\/\/schema.org\",\"@graph\":[{\"@type\":\"Article\",\"@id\":\"https:\/\/alteuaire.es\/es\/blog-es\/festa-dels-supers-2017\/#article\",\"isPartOf\":{\"@id\":\"https:\/\/alteuaire.es\/es\/blog-es\/festa-dels-supers-2017\/\"},\"author\":{\"name\":\"Alteuaire\",\"@id\":\"https:\/\/alteuaire.es\/es\/#\/schema\/person\/2245ce18b7c3324f6d175537ee7a8954\"},\"headline\":\"Festa dels S\u00fapers 2017\",\"datePublished\":\"2017-10-18T10:12:38+00:00\",\"mainEntityOfPage\":{\"@id\":\"https:\/\/alteuaire.es\/es\/blog-es\/festa-dels-supers-2017\/\"},\"wordCount\":261,\"commentCount\":0,\"publisher\":{\"@id\":\"https:\/\/alteuaire.es\/es\/#organization\"},\"image\":{\"@id\":\"https:\/\/alteuaire.es\/es\/blog-es\/festa-dels-supers-2017\/#primaryimage\"},\"thumbnailUrl\":\"https:\/\/alteuaire.es\/wp-content\/uploads\/2017\/10\/5.jpg\",\"keywords\":[\"celebracions\",\"celebracions\",\"fiestadelssupers\",\"instagram\",\"instagram\",\"sorteig\",\"sorteig\",\"super3\",\"super3\"],\"articleSection\":[\"blog\"],\"inLanguage\":\"es\",\"potentialAction\":[{\"@type\":\"CommentAction\",\"name\":\"Comment\",\"target\":[\"https:\/\/alteuaire.es\/es\/blog-es\/festa-dels-supers-2017\/#respond\"]}]},{\"@type\":\"WebPage\",\"@id\":\"https:\/\/alteuaire.es\/es\/blog-es\/festa-dels-supers-2017\/\",\"url\":\"https:\/\/alteuaire.es\/es\/blog-es\/festa-dels-supers-2017\/\",\"name\":\"Festa dels S\u00fapers 2017 - Al teu aire - Espai L\u00fadic i Privat\",\"isPartOf\":{\"@id\":\"https:\/\/alteuaire.es\/es\/#website\"},\"primaryImageOfPage\":{\"@id\":\"https:\/\/alteuaire.es\/es\/blog-es\/festa-dels-supers-2017\/#primaryimage\"},\"image\":{\"@id\":\"https:\/\/alteuaire.es\/es\/blog-es\/festa-dels-supers-2017\/#primaryimage\"},\"thumbnailUrl\":\"https:\/\/alteuaire.es\/wp-content\/uploads\/2017\/10\/5.jpg\",\"datePublished\":\"2017-10-18T10:12:38+00:00\",\"breadcrumb\":{\"@id\":\"https:\/\/alteuaire.es\/es\/blog-es\/festa-dels-supers-2017\/#breadcrumb\"},\"inLanguage\":\"es\",\"potentialAction\":[{\"@type\":\"ReadAction\",\"target\":[\"https:\/\/alteuaire.es\/es\/blog-es\/festa-dels-supers-2017\/\"]}]},{\"@type\":\"ImageObject\",\"inLanguage\":\"es\",\"@id\":\"https:\/\/alteuaire.es\/es\/blog-es\/festa-dels-supers-2017\/#primaryimage\",\"url\":\"https:\/\/alteuaire.es\/wp-content\/uploads\/2017\/10\/5.jpg\",\"contentUrl\":\"https:\/\/alteuaire.es\/wp-content\/uploads\/2017\/10\/5.jpg\",\"width\":1600,\"height\":900,\"caption\":\"Stand Al Teu Aire\"},{\"@type\":\"BreadcrumbList\",\"@id\":\"https:\/\/alteuaire.es\/es\/blog-es\/festa-dels-supers-2017\/#breadcrumb\",\"itemListElement\":[{\"@type\":\"ListItem\",\"position\":1,\"name\":\"Inici\",\"item\":\"https:\/\/alteuaire.es\/es\/\"},{\"@type\":\"ListItem\",\"position\":2,\"name\":\"Festa dels S\u00fapers 2017\"}]},{\"@type\":\"WebSite\",\"@id\":\"https:\/\/alteuaire.es\/es\/#website\",\"url\":\"https:\/\/alteuaire.es\/es\/\",\"name\":\"Al teu aire - Espai L\u00fadic i Privat\",\"description\":\"Alteuaire - Sales de festes privades de lloguer per aniversaris infantils y altres celebracions.\",\"publisher\":{\"@id\":\"https:\/\/alteuaire.es\/es\/#organization\"},\"potentialAction\":[{\"@type\":\"SearchAction\",\"target\":{\"@type\":\"EntryPoint\",\"urlTemplate\":\"https:\/\/alteuaire.es\/es\/?s={search_term_string}\"},\"query-input\":{\"@type\":\"PropertyValueSpecification\",\"valueRequired\":true,\"valueName\":\"search_term_string\"}}],\"inLanguage\":\"es\"},{\"@type\":\"Organization\",\"@id\":\"https:\/\/alteuaire.es\/es\/#organization\",\"name\":\"Alteuaire franquicies - Espai l\u00fadic i privat\",\"url\":\"https:\/\/alteuaire.es\/es\/\",\"logo\":{\"@type\":\"ImageObject\",\"inLanguage\":\"es\",\"@id\":\"https:\/\/alteuaire.es\/es\/#\/schema\/logo\/image\/\",\"url\":\"https:\/\/alteuaire.es\/wp-content\/uploads\/2016\/04\/alteauire.jpg\",\"contentUrl\":\"https:\/\/alteuaire.es\/wp-content\/uploads\/2016\/04\/alteauire.jpg\",\"width\":4606,\"height\":1920,\"caption\":\"Alteuaire franquicies - Espai l\u00fadic i privat\"},\"image\":{\"@id\":\"https:\/\/alteuaire.es\/es\/#\/schema\/logo\/image\/\"},\"sameAs\":[\"https:\/\/www.facebook.com\/alteuaire.franquicies\/\",\"https:\/\/x.com\/_alteuaire_\",\"https:\/\/www.instagram.com\/_alteuaire_\/\",\"https:\/\/es.pinterest.com\/alteuaire\/\"]},{\"@type\":\"Person\",\"@id\":\"https:\/\/alteuaire.es\/es\/#\/schema\/person\/2245ce18b7c3324f6d175537ee7a8954\",\"name\":\"Alteuaire\",\"image\":{\"@type\":\"ImageObject\",\"inLanguage\":\"es\",\"@id\":\"https:\/\/alteuaire.es\/es\/#\/schema\/person\/image\/\",\"url\":\"https:\/\/secure.gravatar.com\/avatar\/6d2c390651d511476d9a351e804cab32ee692bad09cf4b64ca83f4ce3f99d33f?s=96&d=mm&r=g\",\"contentUrl\":\"https:\/\/secure.gravatar.com\/avatar\/6d2c390651d511476d9a351e804cab32ee692bad09cf4b64ca83f4ce3f99d33f?s=96&d=mm&r=g\",\"caption\":\"Alteuaire\"},\"url\":\"https:\/\/alteuaire.es\/es\/author\/jon420\/\"}]}<\/script>\n<!-- \/ Yoast SEO plugin. -->","yoast_head_json":{"title":"Festa dels S\u00fapers 2017 - Al teu aire - Espai L\u00fadic i Privat","robots":{"index":"index","follow":"follow","max-snippet":"max-snippet:-1","max-image-preview":"max-image-preview:large","max-video-preview":"max-video-preview:-1"},"canonical":"https:\/\/alteuaire.es\/es\/blog-es\/festa-dels-supers-2017\/","og_locale":"es_ES","og_type":"article","og_title":"Festa dels S\u00fapers 2017 - Al teu aire - Espai L\u00fadic i Privat","og_description":"Un a\u00f1o m\u00e1s volvemos a la Fiesta Infantil m\u00e1s grande de Europa Los Pr\u00f3ximos 21 y 22 de Octubre se celebra la Festa dels S\u00fapers en\u00a0l&#8217;Anella\u00a0Ol\u00edmpica de Montju\u00efc, un evento multitudinario donde es reencuentran cada a\u00f1o miles de S\u00fapers. En\u00a0esta edici\u00f3n Al Teu Aire vuelve a estar presente por segundo a\u00f1o consecutivo en un Stand [&hellip;]","og_url":"https:\/\/alteuaire.es\/es\/blog-es\/festa-dels-supers-2017\/","og_site_name":"Al teu aire - Espai L\u00fadic i Privat","article_publisher":"https:\/\/www.facebook.com\/alteuaire.franquicies\/","article_published_time":"2017-10-18T10:12:38+00:00","og_image":[{"width":1600,"height":900,"url":"https:\/\/alteuaire.es\/wp-content\/uploads\/2017\/10\/5.jpg","type":"image\/jpeg"}],"author":"Alteuaire","twitter_card":"summary_large_image","twitter_creator":"@_alteuaire_","twitter_site":"@_alteuaire_","twitter_misc":{"Escrito por":"Alteuaire","Tiempo de lectura":"1 minuto"},"schema":{"@context":"https:\/\/schema.org","@graph":[{"@type":"Article","@id":"https:\/\/alteuaire.es\/es\/blog-es\/festa-dels-supers-2017\/#article","isPartOf":{"@id":"https:\/\/alteuaire.es\/es\/blog-es\/festa-dels-supers-2017\/"},"author":{"name":"Alteuaire","@id":"https:\/\/alteuaire.es\/es\/#\/schema\/person\/2245ce18b7c3324f6d175537ee7a8954"},"headline":"Festa dels S\u00fapers 2017","datePublished":"2017-10-18T10:12:38+00:00","mainEntityOfPage":{"@id":"https:\/\/alteuaire.es\/es\/blog-es\/festa-dels-supers-2017\/"},"wordCount":261,"commentCount":0,"publisher":{"@id":"https:\/\/alteuaire.es\/es\/#organization"},"image":{"@id":"https:\/\/alteuaire.es\/es\/blog-es\/festa-dels-supers-2017\/#primaryimage"},"thumbnailUrl":"https:\/\/alteuaire.es\/wp-content\/uploads\/2017\/10\/5.jpg","keywords":["celebracions","celebracions","fiestadelssupers","instagram","instagram","sorteig","sorteig","super3","super3"],"articleSection":["blog"],"inLanguage":"es","potentialAction":[{"@type":"CommentAction","name":"Comment","target":["https:\/\/alteuaire.es\/es\/blog-es\/festa-dels-supers-2017\/#respond"]}]},{"@type":"WebPage","@id":"https:\/\/alteuaire.es\/es\/blog-es\/festa-dels-supers-2017\/","url":"https:\/\/alteuaire.es\/es\/blog-es\/festa-dels-supers-2017\/","name":"Festa dels S\u00fapers 2017 - Al teu aire - Espai L\u00fadic i Privat","isPartOf":{"@id":"https:\/\/alteuaire.es\/es\/#website"},"primaryImageOfPage":{"@id":"https:\/\/alteuaire.es\/es\/blog-es\/festa-dels-supers-2017\/#primaryimage"},"image":{"@id":"https:\/\/alteuaire.es\/es\/blog-es\/festa-dels-supers-2017\/#primaryimage"},"thumbnailUrl":"https:\/\/alteuaire.es\/wp-content\/uploads\/2017\/10\/5.jpg","datePublished":"2017-10-18T10:12:38+00:00","breadcrumb":{"@id":"https:\/\/alteuaire.es\/es\/blog-es\/festa-dels-supers-2017\/#breadcrumb"},"inLanguage":"es","potentialAction":[{"@type":"ReadAction","target":["https:\/\/alteuaire.es\/es\/blog-es\/festa-dels-supers-2017\/"]}]},{"@type":"ImageObject","inLanguage":"es","@id":"https:\/\/alteuaire.es\/es\/blog-es\/festa-dels-supers-2017\/#primaryimage","url":"https:\/\/alteuaire.es\/wp-content\/uploads\/2017\/10\/5.jpg","contentUrl":"https:\/\/alteuaire.es\/wp-content\/uploads\/2017\/10\/5.jpg","width":1600,"height":900,"caption":"Stand Al Teu Aire"},{"@type":"BreadcrumbList","@id":"https:\/\/alteuaire.es\/es\/blog-es\/festa-dels-supers-2017\/#breadcrumb","itemListElement":[{"@type":"ListItem","position":1,"name":"Inici","item":"https:\/\/alteuaire.es\/es\/"},{"@type":"ListItem","position":2,"name":"Festa dels S\u00fapers 2017"}]},{"@type":"WebSite","@id":"https:\/\/alteuaire.es\/es\/#website","url":"https:\/\/alteuaire.es\/es\/","name":"Al teu aire - Espai L\u00fadic i Privat","description":"Alteuaire - Sales de festes privades de lloguer per aniversaris infantils y altres celebracions.","publisher":{"@id":"https:\/\/alteuaire.es\/es\/#organization"},"potentialAction":[{"@type":"SearchAction","target":{"@type":"EntryPoint","urlTemplate":"https:\/\/alteuaire.es\/es\/?s={search_term_string}"},"query-input":{"@type":"PropertyValueSpecification","valueRequired":true,"valueName":"search_term_string"}}],"inLanguage":"es"},{"@type":"Organization","@id":"https:\/\/alteuaire.es\/es\/#organization","name":"Alteuaire franquicies - Espai l\u00fadic i privat","url":"https:\/\/alteuaire.es\/es\/","logo":{"@type":"ImageObject","inLanguage":"es","@id":"https:\/\/alteuaire.es\/es\/#\/schema\/logo\/image\/","url":"https:\/\/alteuaire.es\/wp-content\/uploads\/2016\/04\/alteauire.jpg","contentUrl":"https:\/\/alteuaire.es\/wp-content\/uploads\/2016\/04\/alteauire.jpg","width":4606,"height":1920,"caption":"Alteuaire franquicies - Espai l\u00fadic i privat"},"image":{"@id":"https:\/\/alteuaire.es\/es\/#\/schema\/logo\/image\/"},"sameAs":["https:\/\/www.facebook.com\/alteuaire.franquicies\/","https:\/\/x.com\/_alteuaire_","https:\/\/www.instagram.com\/_alteuaire_\/","https:\/\/es.pinterest.com\/alteuaire\/"]},{"@type":"Person","@id":"https:\/\/alteuaire.es\/es\/#\/schema\/person\/2245ce18b7c3324f6d175537ee7a8954","name":"Alteuaire","image":{"@type":"ImageObject","inLanguage":"es","@id":"https:\/\/alteuaire.es\/es\/#\/schema\/person\/image\/","url":"https:\/\/secure.gravatar.com\/avatar\/6d2c390651d511476d9a351e804cab32ee692bad09cf4b64ca83f4ce3f99d33f?s=96&d=mm&r=g","contentUrl":"https:\/\/secure.gravatar.com\/avatar\/6d2c390651d511476d9a351e804cab32ee692bad09cf4b64ca83f4ce3f99d33f?s=96&d=mm&r=g","caption":"Alteuaire"},"url":"https:\/\/alteuaire.es\/es\/author\/jon420\/"}]}},"publishpress_future_action":{"enabled":false,"date":"2026-05-07 04:39:30","action":"change-status","newStatus":"draft","terms":[],"taxonomy":"category","extraData":[]},"publishpress_future_workflow_manual_trigger":{"enabledWorkflows":[]},"_links":{"self":[{"href":"https:\/\/alteuaire.es\/es\/wp-json\/wp\/v2\/posts\/4358","targetHints":{"allow":["GET"]}}],"collection":[{"href":"https:\/\/alteuaire.es\/es\/wp-json\/wp\/v2\/posts"}],"about":[{"href":"https:\/\/alteuaire.es\/es\/wp-json\/wp\/v2\/types\/post"}],"author":[{"embeddable":true,"href":"https:\/\/alteuaire.es\/es\/wp-json\/wp\/v2\/users\/1"}],"replies":[{"embeddable":true,"href":"https:\/\/alteuaire.es\/es\/wp-json\/wp\/v2\/comments?post=4358"}],"version-history":[{"count":0,"href":"https:\/\/alteuaire.es\/es\/wp-json\/wp\/v2\/posts\/4358\/revisions"}],"wp:featuredmedia":[{"embeddable":true,"href":"https:\/\/alteuaire.es\/es\/wp-json\/wp\/v2\/media\/4352"}],"wp:attachment":[{"href":"https:\/\/alteuaire.es\/es\/wp-json\/wp\/v2\/media?parent=4358"}],"wp:term":[{"taxonomy":"category","embeddable":true,"href":"https:\/\/alteuaire.es\/es\/wp-json\/wp\/v2\/categories?post=4358"},{"taxonomy":"post_tag","embeddable":true,"href":"https:\/\/alteuaire.es\/es\/wp-json\/wp\/v2\/tags?post=4358"}],"curies":[{"name":"wp","href":"https:\/\/api.w.org\/{rel}","templated":true}]}}